{"id":18071,"date":"2026-03-12T09:50:17","date_gmt":"2026-03-12T08:50:17","guid":{"rendered":"https:\/\/www.efibucarest.org\/?p=18071"},"modified":"2026-03-12T09:50:18","modified_gmt":"2026-03-12T08:50:18","slug":"open-house-season-april-march","status":"publish","type":"post","link":"https:\/\/www.efibucarest.org\/ro\/2026\/03\/12\/open-house-season-april-march\/","title":{"rendered":"Open House Season &#8211; April &#038; March"},"content":{"rendered":"<p>\t\t\t\t<!-- avec ou sans CTA : m\u00eame code, \u00e7a centre verticalement le texte --><\/p>\n<div class=\"smallheader\" id=\"bloc_small_header_4\">\n<style type=\"text\/css\">\n\t\t\t\t\t\t\t#bloc_small_header_4 {background-image: url(https:\/\/www.efibucarest.org\/wp-content\/uploads\/2024\/10\/DSC_0414-scaled.jpg);}\n\t\t\t\t\t\t\t@media (min-width: 480px) {\t#bloc_small_header_4 {background-image: url(https:\/\/www.efibucarest.org\/wp-content\/uploads\/2024\/10\/DSC_0414-scaled.jpg);}}\n\t\t\t\t\t\t\t@media (min-width: 768px) {\t#bloc_small_header_4 {background-image: url(https:\/\/www.efibucarest.org\/wp-content\/uploads\/2024\/10\/DSC_0414-1024x683.jpg);}}\n\t\t\t\t\t\t\t@media (min-width: 992px) { #bloc_small_header_4 {background-image: url(https:\/\/www.efibucarest.org\/wp-content\/uploads\/2024\/10\/DSC_0414-1024x683.jpg);}}\n\t\t\t\t\t\t\t@media (min-width: 1200px) { #bloc_small_header_4 {background-image: url(https:\/\/www.efibucarest.org\/wp-content\/uploads\/2024\/10\/DSC_0414-scaled.jpg);}}\n\t\t\t\t\t\t<\/style>\n<div class=\"container d-flex flex-column justify-content-center align-items-start\">\n<h1><span>Open House Season<\/span><\/h1>\n<p>Lunile martie \u0219i aprilie sunt perfecte pentru a vizita \u0219coala noastr\u0103. Profita\u021bi de aceast\u0103 ocazie pentru a tr\u0103i o zi tipic\u0103 la \u0219coal\u0103 \u0219i pentru a descoperi atmosfera sa unic\u0103.<\/p>\n<\/p><\/div>\n<\/p><\/div>\n<div class=\"blocmedia blocmedia--textright blocmedia--color3\" id=\"bloc_2_5\">\n<div class=\"container\">\n<div class=\"row\">\n<div class=\"col-12 col-md-6\">\n<div class=\"slider\">\n<div id=\"slider-bloc_2_5\" class=\"flexslider flexslider--blocmedia loading\">\n<ul class=\"slides list-unstyled\">\n<li class=\"slider-li\">\n\t\t\t\t\t\t\t\t\t\t     \t<a data-fancybox=\"rel-slider-bloc_2_5\" data-caption=\"\" href=\"https:\/\/www.efibucarest.org\/wp-content\/uploads\/2026\/03\/Copy-of-Ads-Social-Media-1-scaled.png\"><br \/>\n\t\t\t\t\t\t\t\t\t\t\t\t\t<img decoding=\"async\" class=\"img-fluid\" src=\"https:\/\/www.efibucarest.org\/wp-content\/uploads\/2026\/03\/Copy-of-Ads-Social-Media-1-scaled.png\" width=\"\" height=\"\" alt=\"\"><br \/>\n\t\t\t\t\t\t\t\t\t\t\t\t<\/a>\n\t\t\t\t\t\t\t\t\t\t     <\/li>\n<\/ul><\/div>\n<\/p><\/div>\n<\/p><\/div>\n<div class=\"col-12 col-md-5 d-flex flex-column justify-content-center align-items-start mb-2 mb-md-0\">\n<div class=\"text\">\n<h2><span>Zile imersive \u0219i personalizate pentru a descoperi \u0219coala noastr\u0103<\/span><\/h2>\n<p>Por\u021bile noastre sunt deschise \u00eentre 8:30 \u0219i 16:00, iar dumneavoastr\u0103 ve\u021bi avea ocazia s\u0103 \u00eent\u00e2lni\u021bi echipa noastr\u0103 didactic\u0103 \u0219i s\u0103 participa\u021bi la activit\u0103\u021bi interesante pentru a descoperi programul nostru trilingv francez\u0103\u2013rom\u00e2n\u0103\u2013englez\u0103.<br \/>\n\u0218i dac\u0103 aceste ore nu se potrivesc cu programul dumneavoastr\u0103, nicio problem\u0103! Suntem flexibili \u0219i bucuro\u0219i s\u0103 ne adapt\u0103m orarului dumneavoastr\u0103.<\/p>\n<p>\t\t\t\t\t\t<!-- Changer la classe de couleur du bouton en fonction de la couleur g\u00e9n\u00e9rale du bloc --><\/p>\n<div class=\"bloc_cta\" >\n<p><a class=\"btn btn--color3\" href=\"https:\/\/efibucarest.eduka.school\/registration\/web\/2\/94fd85715b96?fbclid=IwY2xjawG2egtleHRuA2FlbQIxMAABHUWM9p8-YpgbT3PFHFTGefzqO6XFHf76fdc7OIx3EVwN5-0kEdRv_xOIXQ_aem_I778m4JpNrsgewq2ZzgRbg\" target=\"\">Veni\u021bi s\u0103 explora\u021bi, s\u0103 \u00eenv\u0103\u021ba\u021bi \u0219i s\u0103 \u00eemp\u0103rt\u0103\u0219i\u021bi al\u0103turi de noi!<\/a>\t\t\t\t\t<\/div>\n<\/p><\/div>\n<\/p><\/div>\n<\/p><\/div>\n<\/p><\/div>\n<\/div>\n<div class=\"blocinfo blocinfo--nocolor\" id=\"bloc_10_6\">\n<div class=\"container\">\n<div class=\"row\">\n<div class=\"col-12 col-md-6\">\n<h2><span>\u00cencepe-\u021bi viitorul ast\u0103zi !<\/span><\/h2>\n<p>\u00censcrierile pentru anul \u0219colar 2026\u20132027 sunt deschise!<\/p>\n<p>\t\t\t\t<!-- Changer la classe de couleur du bouton en fonction de la couleur g\u00e9n\u00e9rale du bloc --><\/p>\n<div class=\"bloc_cta\" >\n\t<a href=\"https:\/\/efibucarest.eduka.school\/\" title=\"\u00censcrie-te acum!\" target=\"\" class=\"mr-3 btn btn--nocolor\">\u00censcrie-te acum!<\/a> \t\t\t\t<\/div>\n<\/p><\/div>\n<\/p><\/div>\n<\/p><\/div>\n<\/div>\n","protected":false},"excerpt":{"rendered":"<p>Open House Season Lunile martie \u0219i aprilie sunt perfecte pentru a vizita \u0219coala noastr\u0103. Profita\u021bi de aceast\u0103 ocazie pentru a [&hellip;]<\/p>\n","protected":false},"author":18,"featured_media":0,"comment_status":"closed","ping_status":"open","sticky":false,"template":"","format":"standard","meta":{"_acf_changed":false,"kdcopypost-origin-url":"","kdcopypost-origin-id":"","footnotes":""},"categories":[195],"tags":[],"class_list":["post-18071","post","type-post","status-publish","format-standard","hentry","category-actualites-ro"],"acf":{"sous_titre":"Profita\u021bi de lunile noastre \u2018Open House\u2019 \u0219i veni\u021bi s\u0103 descoperi\u021bi \u0219coala noastr\u0103!","photo":18058},"yoast_head":"<!-- This site is optimized with the Yoast SEO plugin v26.9 - https:\/\/yoast.com\/product\/yoast-seo-wordpress\/ -->\n<title>Open House Season - April &amp; March - EFI BUCURE\u0218TI<\/title>\n<meta name=\"robots\" content=\"index, follow, max-snippet:-1, max-image-preview:large, max-video-preview:-1\" \/>\n<link rel=\"canonical\" href=\"https:\/\/www.efibucarest.org\/ro\/2026\/03\/12\/open-house-season-april-march\/\" \/>\n<meta property=\"og:locale\" content=\"ro_RO\" \/>\n<meta property=\"og:type\" content=\"article\" \/>\n<meta property=\"og:title\" content=\"Open House Season - April &amp; March - EFI BUCURE\u0218TI\" \/>\n<meta property=\"og:description\" content=\"Open House Season Lunile martie \u0219i aprilie sunt perfecte pentru a vizita \u0219coala noastr\u0103. Profita\u021bi de aceast\u0103 ocazie pentru a [&hellip;]\" \/>\n<meta property=\"og:url\" content=\"https:\/\/www.efibucarest.org\/ro\/2026\/03\/12\/open-house-season-april-march\/\" \/>\n<meta property=\"og:site_name\" content=\"EFI BUCURE\u0218TI\" \/>\n<meta property=\"article:author\" content=\"https:\/\/www.facebook.com\/efibucarest\/?locale=fr_FR\" \/>\n<meta property=\"article:published_time\" content=\"2026-03-12T08:50:17+00:00\" \/>\n<meta property=\"article:modified_time\" content=\"2026-03-12T08:50:18+00:00\" \/>\n<meta property=\"og:image\" content=\"https:\/\/www.efibucarest.org\/wp-content\/uploads\/2026\/03\/Copy-of-Ads-Social-Media-1-scaled.png\" \/>\n<meta name=\"author\" content=\"Bianca Stinga\" \/>\n<meta name=\"twitter:card\" content=\"summary_large_image\" \/>\n<meta name=\"twitter:label1\" content=\"Scris de\" \/>\n\t<meta name=\"twitter:data1\" content=\"Bianca Stinga\" \/>\n\t<meta name=\"twitter:label2\" content=\"Timp estimat pentru citire\" \/>\n\t<meta name=\"twitter:data2\" content=\"2 minute\" \/>\n<script type=\"application\/ld+json\" class=\"yoast-schema-graph\">{\"@context\":\"https:\/\/schema.org\",\"@graph\":[{\"@type\":\"Article\",\"@id\":\"https:\/\/www.efibucarest.org\/ro\/2026\/03\/12\/open-house-season-april-march\/#article\",\"isPartOf\":{\"@id\":\"https:\/\/www.efibucarest.org\/ro\/2026\/03\/12\/open-house-season-april-march\/\"},\"author\":{\"name\":\"Bianca Stinga\",\"@id\":\"https:\/\/www.efibucarest.org\/ro\/#\/schema\/person\/73e841f123f211a29fd9343498df1f85\"},\"headline\":\"Open House Season &#8211; April &#038; March\",\"datePublished\":\"2026-03-12T08:50:17+00:00\",\"dateModified\":\"2026-03-12T08:50:18+00:00\",\"mainEntityOfPage\":{\"@id\":\"https:\/\/www.efibucarest.org\/ro\/2026\/03\/12\/open-house-season-april-march\/\"},\"wordCount\":143,\"image\":{\"@id\":\"https:\/\/www.efibucarest.org\/ro\/2026\/03\/12\/open-house-season-april-march\/#primaryimage\"},\"thumbnailUrl\":\"https:\/\/www.efibucarest.org\/wp-content\/uploads\/2026\/03\/Copy-of-Ads-Social-Media-1-scaled.png\",\"articleSection\":[\"Actualit\u00e9s\"],\"inLanguage\":\"ro-RO\"},{\"@type\":\"WebPage\",\"@id\":\"https:\/\/www.efibucarest.org\/ro\/2026\/03\/12\/open-house-season-april-march\/\",\"url\":\"https:\/\/www.efibucarest.org\/ro\/2026\/03\/12\/open-house-season-april-march\/\",\"name\":\"Open House Season - April & March - EFI BUCURE\u0218TI\",\"isPartOf\":{\"@id\":\"https:\/\/www.efibucarest.org\/ro\/#website\"},\"primaryImageOfPage\":{\"@id\":\"https:\/\/www.efibucarest.org\/ro\/2026\/03\/12\/open-house-season-april-march\/#primaryimage\"},\"image\":{\"@id\":\"https:\/\/www.efibucarest.org\/ro\/2026\/03\/12\/open-house-season-april-march\/#primaryimage\"},\"thumbnailUrl\":\"https:\/\/www.efibucarest.org\/wp-content\/uploads\/2026\/03\/Copy-of-Ads-Social-Media-1-scaled.png\",\"datePublished\":\"2026-03-12T08:50:17+00:00\",\"dateModified\":\"2026-03-12T08:50:18+00:00\",\"author\":{\"@id\":\"https:\/\/www.efibucarest.org\/ro\/#\/schema\/person\/73e841f123f211a29fd9343498df1f85\"},\"breadcrumb\":{\"@id\":\"https:\/\/www.efibucarest.org\/ro\/2026\/03\/12\/open-house-season-april-march\/#breadcrumb\"},\"inLanguage\":\"ro-RO\",\"potentialAction\":[{\"@type\":\"ReadAction\",\"target\":[\"https:\/\/www.efibucarest.org\/ro\/2026\/03\/12\/open-house-season-april-march\/\"]}]},{\"@type\":\"ImageObject\",\"inLanguage\":\"ro-RO\",\"@id\":\"https:\/\/www.efibucarest.org\/ro\/2026\/03\/12\/open-house-season-april-march\/#primaryimage\",\"url\":\"https:\/\/www.efibucarest.org\/wp-content\/uploads\/2026\/03\/Copy-of-Ads-Social-Media-1-scaled.png\",\"contentUrl\":\"https:\/\/www.efibucarest.org\/wp-content\/uploads\/2026\/03\/Copy-of-Ads-Social-Media-1-scaled.png\"},{\"@type\":\"BreadcrumbList\",\"@id\":\"https:\/\/www.efibucarest.org\/ro\/2026\/03\/12\/open-house-season-april-march\/#breadcrumb\",\"itemListElement\":[{\"@type\":\"ListItem\",\"position\":1,\"name\":\"Accueil\",\"item\":\"https:\/\/www.efibucarest.org\/ro\/\"},{\"@type\":\"ListItem\",\"position\":2,\"name\":\"Open House Season &#8211; April &#038; March\"}]},{\"@type\":\"WebSite\",\"@id\":\"https:\/\/www.efibucarest.org\/ro\/#website\",\"url\":\"https:\/\/www.efibucarest.org\/ro\/\",\"name\":\"EFI BUCURE\u0218TI\",\"description\":\"EFI BUCURE\u0218TI\",\"potentialAction\":[{\"@type\":\"SearchAction\",\"target\":{\"@type\":\"EntryPoint\",\"urlTemplate\":\"https:\/\/www.efibucarest.org\/ro\/?s={search_term_string}\"},\"query-input\":{\"@type\":\"PropertyValueSpecification\",\"valueRequired\":true,\"valueName\":\"search_term_string\"}}],\"inLanguage\":\"ro-RO\"},{\"@type\":\"Person\",\"@id\":\"https:\/\/www.efibucarest.org\/ro\/#\/schema\/person\/73e841f123f211a29fd9343498df1f85\",\"name\":\"Bianca Stinga\",\"image\":{\"@type\":\"ImageObject\",\"inLanguage\":\"ro-RO\",\"@id\":\"https:\/\/www.efibucarest.org\/ro\/#\/schema\/person\/image\/\",\"url\":\"https:\/\/secure.gravatar.com\/avatar\/6c01c22cd47d45a2c4dbf3be9275161f51f14ff7f0eddea6d13d1c5ffb2bf6d8?s=96&d=mm&r=g\",\"contentUrl\":\"https:\/\/secure.gravatar.com\/avatar\/6c01c22cd47d45a2c4dbf3be9275161f51f14ff7f0eddea6d13d1c5ffb2bf6d8?s=96&d=mm&r=g\",\"caption\":\"Bianca Stinga\"},\"sameAs\":[\"https:\/\/www.facebook.com\/efibucarest\/?locale=fr_FR\",\"https:\/\/www.instagram.com\/efibucarest\/\"],\"url\":\"https:\/\/www.efibucarest.org\/ro\/author\/bianca-stingaefibucarest-org\/\"}]}<\/script>\n<!-- \/ Yoast SEO plugin. -->","yoast_head_json":{"title":"Open House Season - April & March - EFI BUCURE\u0218TI","robots":{"index":"index","follow":"follow","max-snippet":"max-snippet:-1","max-image-preview":"max-image-preview:large","max-video-preview":"max-video-preview:-1"},"canonical":"https:\/\/www.efibucarest.org\/ro\/2026\/03\/12\/open-house-season-april-march\/","og_locale":"ro_RO","og_type":"article","og_title":"Open House Season - April & March - EFI BUCURE\u0218TI","og_description":"Open House Season Lunile martie \u0219i aprilie sunt perfecte pentru a vizita \u0219coala noastr\u0103. Profita\u021bi de aceast\u0103 ocazie pentru a [&hellip;]","og_url":"https:\/\/www.efibucarest.org\/ro\/2026\/03\/12\/open-house-season-april-march\/","og_site_name":"EFI BUCURE\u0218TI","article_author":"https:\/\/www.facebook.com\/efibucarest\/?locale=fr_FR","article_published_time":"2026-03-12T08:50:17+00:00","article_modified_time":"2026-03-12T08:50:18+00:00","og_image":[{"url":"https:\/\/www.efibucarest.org\/wp-content\/uploads\/2026\/03\/Copy-of-Ads-Social-Media-1-scaled.png","type":"","width":"","height":""}],"author":"Bianca Stinga","twitter_card":"summary_large_image","twitter_misc":{"Scris de":"Bianca Stinga","Timp estimat pentru citire":"2 minute"},"schema":{"@context":"https:\/\/schema.org","@graph":[{"@type":"Article","@id":"https:\/\/www.efibucarest.org\/ro\/2026\/03\/12\/open-house-season-april-march\/#article","isPartOf":{"@id":"https:\/\/www.efibucarest.org\/ro\/2026\/03\/12\/open-house-season-april-march\/"},"author":{"name":"Bianca Stinga","@id":"https:\/\/www.efibucarest.org\/ro\/#\/schema\/person\/73e841f123f211a29fd9343498df1f85"},"headline":"Open House Season &#8211; April &#038; March","datePublished":"2026-03-12T08:50:17+00:00","dateModified":"2026-03-12T08:50:18+00:00","mainEntityOfPage":{"@id":"https:\/\/www.efibucarest.org\/ro\/2026\/03\/12\/open-house-season-april-march\/"},"wordCount":143,"image":{"@id":"https:\/\/www.efibucarest.org\/ro\/2026\/03\/12\/open-house-season-april-march\/#primaryimage"},"thumbnailUrl":"https:\/\/www.efibucarest.org\/wp-content\/uploads\/2026\/03\/Copy-of-Ads-Social-Media-1-scaled.png","articleSection":["Actualit\u00e9s"],"inLanguage":"ro-RO"},{"@type":"WebPage","@id":"https:\/\/www.efibucarest.org\/ro\/2026\/03\/12\/open-house-season-april-march\/","url":"https:\/\/www.efibucarest.org\/ro\/2026\/03\/12\/open-house-season-april-march\/","name":"Open House Season - April & March - EFI BUCURE\u0218TI","isPartOf":{"@id":"https:\/\/www.efibucarest.org\/ro\/#website"},"primaryImageOfPage":{"@id":"https:\/\/www.efibucarest.org\/ro\/2026\/03\/12\/open-house-season-april-march\/#primaryimage"},"image":{"@id":"https:\/\/www.efibucarest.org\/ro\/2026\/03\/12\/open-house-season-april-march\/#primaryimage"},"thumbnailUrl":"https:\/\/www.efibucarest.org\/wp-content\/uploads\/2026\/03\/Copy-of-Ads-Social-Media-1-scaled.png","datePublished":"2026-03-12T08:50:17+00:00","dateModified":"2026-03-12T08:50:18+00:00","author":{"@id":"https:\/\/www.efibucarest.org\/ro\/#\/schema\/person\/73e841f123f211a29fd9343498df1f85"},"breadcrumb":{"@id":"https:\/\/www.efibucarest.org\/ro\/2026\/03\/12\/open-house-season-april-march\/#breadcrumb"},"inLanguage":"ro-RO","potentialAction":[{"@type":"ReadAction","target":["https:\/\/www.efibucarest.org\/ro\/2026\/03\/12\/open-house-season-april-march\/"]}]},{"@type":"ImageObject","inLanguage":"ro-RO","@id":"https:\/\/www.efibucarest.org\/ro\/2026\/03\/12\/open-house-season-april-march\/#primaryimage","url":"https:\/\/www.efibucarest.org\/wp-content\/uploads\/2026\/03\/Copy-of-Ads-Social-Media-1-scaled.png","contentUrl":"https:\/\/www.efibucarest.org\/wp-content\/uploads\/2026\/03\/Copy-of-Ads-Social-Media-1-scaled.png"},{"@type":"BreadcrumbList","@id":"https:\/\/www.efibucarest.org\/ro\/2026\/03\/12\/open-house-season-april-march\/#breadcrumb","itemListElement":[{"@type":"ListItem","position":1,"name":"Accueil","item":"https:\/\/www.efibucarest.org\/ro\/"},{"@type":"ListItem","position":2,"name":"Open House Season &#8211; April &#038; March"}]},{"@type":"WebSite","@id":"https:\/\/www.efibucarest.org\/ro\/#website","url":"https:\/\/www.efibucarest.org\/ro\/","name":"EFI BUCURE\u0218TI","description":"EFI BUCURE\u0218TI","potentialAction":[{"@type":"SearchAction","target":{"@type":"EntryPoint","urlTemplate":"https:\/\/www.efibucarest.org\/ro\/?s={search_term_string}"},"query-input":{"@type":"PropertyValueSpecification","valueRequired":true,"valueName":"search_term_string"}}],"inLanguage":"ro-RO"},{"@type":"Person","@id":"https:\/\/www.efibucarest.org\/ro\/#\/schema\/person\/73e841f123f211a29fd9343498df1f85","name":"Bianca Stinga","image":{"@type":"ImageObject","inLanguage":"ro-RO","@id":"https:\/\/www.efibucarest.org\/ro\/#\/schema\/person\/image\/","url":"https:\/\/secure.gravatar.com\/avatar\/6c01c22cd47d45a2c4dbf3be9275161f51f14ff7f0eddea6d13d1c5ffb2bf6d8?s=96&d=mm&r=g","contentUrl":"https:\/\/secure.gravatar.com\/avatar\/6c01c22cd47d45a2c4dbf3be9275161f51f14ff7f0eddea6d13d1c5ffb2bf6d8?s=96&d=mm&r=g","caption":"Bianca Stinga"},"sameAs":["https:\/\/www.facebook.com\/efibucarest\/?locale=fr_FR","https:\/\/www.instagram.com\/efibucarest\/"],"url":"https:\/\/www.efibucarest.org\/ro\/author\/bianca-stingaefibucarest-org\/"}]}},"lang":"ro","_links":{"self":[{"href":"https:\/\/www.efibucarest.org\/ro\/wp-json\/wp\/v2\/posts\/18071","targetHints":{"allow":["GET"]}}],"collection":[{"href":"https:\/\/www.efibucarest.org\/ro\/wp-json\/wp\/v2\/posts"}],"about":[{"href":"https:\/\/www.efibucarest.org\/ro\/wp-json\/wp\/v2\/types\/post"}],"author":[{"embeddable":true,"href":"https:\/\/www.efibucarest.org\/ro\/wp-json\/wp\/v2\/users\/18"}],"replies":[{"embeddable":true,"href":"https:\/\/www.efibucarest.org\/ro\/wp-json\/wp\/v2\/comments?post=18071"}],"version-history":[{"count":3,"href":"https:\/\/www.efibucarest.org\/ro\/wp-json\/wp\/v2\/posts\/18071\/revisions"}],"predecessor-version":[{"id":18074,"href":"https:\/\/www.efibucarest.org\/ro\/wp-json\/wp\/v2\/posts\/18071\/revisions\/18074"}],"wp:attachment":[{"href":"https:\/\/www.efibucarest.org\/ro\/wp-json\/wp\/v2\/media?parent=18071"}],"wp:term":[{"taxonomy":"category","embeddable":true,"href":"https:\/\/www.efibucarest.org\/ro\/wp-json\/wp\/v2\/categories?post=18071"},{"taxonomy":"post_tag","embeddable":true,"href":"https:\/\/www.efibucarest.org\/ro\/wp-json\/wp\/v2\/tags?post=18071"}],"curies":[{"name":"wp","href":"https:\/\/api.w.org\/{rel}","templated":true}]}}