{"id":17048,"date":"2026-01-27T15:38:31","date_gmt":"2026-01-27T14:38:31","guid":{"rendered":"https:\/\/www.efibucarest.org\/?p=17048"},"modified":"2026-01-28T09:57:54","modified_gmt":"2026-01-28T08:57:54","slug":"les-petits-lynx-episodul-5","status":"publish","type":"post","link":"https:\/\/www.efibucarest.org\/ro\/2026\/01\/27\/les-petits-lynx-episodul-5\/","title":{"rendered":"Les petits lynx &#8211; Episodul 5"},"content":{"rendered":"<p>\t\t\t\t<!-- avec ou sans CTA : m\u00eame code, \u00e7a centre verticalement le texte --><\/p>\n<div class=\"smallheader\" id=\"bloc_small_header_4\">\n<style type=\"text\/css\">\n\t\t\t\t\t\t\t#bloc_small_header_4 {background-image: url(https:\/\/www.efibucarest.org\/wp-content\/uploads\/2025\/12\/Untitled-design-2-610x270.png);}\n\t\t\t\t\t\t\t@media (min-width: 480px) {\t#bloc_small_header_4 {background-image: url(https:\/\/www.efibucarest.org\/wp-content\/uploads\/2025\/12\/Untitled-design-2-610x270.png);}}\n\t\t\t\t\t\t\t@media (min-width: 768px) {\t#bloc_small_header_4 {background-image: url(https:\/\/www.efibucarest.org\/wp-content\/uploads\/2025\/12\/Untitled-design-2-1024x569.png);}}\n\t\t\t\t\t\t\t@media (min-width: 992px) { #bloc_small_header_4 {background-image: url(https:\/\/www.efibucarest.org\/wp-content\/uploads\/2025\/12\/Untitled-design-2-1024x569.png);}}\n\t\t\t\t\t\t\t@media (min-width: 1200px) { #bloc_small_header_4 {background-image: url(https:\/\/www.efibucarest.org\/wp-content\/uploads\/2025\/12\/Untitled-design-2-1536x853.png);}}\n\t\t\t\t\t\t<\/style>\n<div class=\"container d-flex flex-column justify-content-center align-items-start\">\n<h1><span>Les petits lynx<\/span><\/h1>\n<p>Podcastul EFI Bucarest, episodul 5<\/p>\n<\/p><\/div>\n<\/p><\/div>\n<div class=\"bloctext bloctext--nocolor bloctext--haspattern\" id=\"bloc_6_5\">\n<div class=\"container\">\n<div class=\"row\">\n<div class=\"col-12 col-lg-4 col-xl-3 mb-1\">\n<h2><span>Les petits lynx &#8211; Episode 5<\/span><\/h2>\n<\/p><\/div>\n<div class=\"col-12 col-lg-8 col-xl-9\">\n<div class=\"text pl-lg-4\">\n<p><strong>\u00cen <\/strong>acest episod, elevii no\u0219tri particip\u0103 la concursul local \u201eMicii campioni ai lecturii\u201d, un concurs de citit cu voce tare la care particip\u0103 mii de clase din Fran\u021ba.<\/p>\n<p><strong>Pentru<\/strong> elevii no\u0219tri alofoni, acest exerci\u021biu cap\u0103t\u0103 o cu totul alt\u0103 dimensiune: deoarece l<strong>ectura este sinonim\u0103 cu deschiderea c\u0103tre lume<\/strong> (cel pu\u021bin \u00een limba francez\u0103), este o ocazie unic\u0103 de a-\u0219i exersa franceza \u0219i de a \u00eemp\u0103rt\u0103\u0219i textele care \u00eei fac s\u0103 iubeasc\u0103 limba. <strong>Felicit\u0103m pe to\u021bi elevii no\u0219tri<\/strong> care au profitat de aceast\u0103 ocazie de a citi cu voce tare, \u00een special pe cei care au \u00eenceput s\u0103 \u00eenve\u021be limba francez\u0103 anul acesta gra\u021bie programului Passerelle, cum este cazul lui Hayat, una dintre c\u00e2\u0219tig\u0103toarele noastre. Mahdi \u0219i ea vor reprezenta EFI Bucure\u0219ti la nivelul superior al acestei competi\u021bii!<\/p>\n<p><em><strong>Lectur\u0103 pl\u0103cut\u0103!<\/strong><\/em><\/p>\n<p><audio class=\"wp-audio-shortcode\" id=\"audio-17048-2\" preload=\"none\" style=\"width: 100%;\" controls=\"controls\"><source type=\"audio\/mpeg\" src=\"https:\/\/www.efibucarest.org\/wp-content\/uploads\/2026\/01\/EP5_PETITS_CHAMPIONS.mp3?_=2\" \/><a href=\"https:\/\/www.efibucarest.org\/wp-content\/uploads\/2026\/01\/EP5_PETITS_CHAMPIONS.mp3\">https:\/\/www.efibucarest.org\/wp-content\/uploads\/2026\/01\/EP5_PETITS_CHAMPIONS.mp3<\/a><\/audio>\n\t\t\t\t<\/div>\n<\/p><\/div>\n<\/p><\/div>\n<\/p><\/div>\n<\/div>\n<div class=\"blocinfo blocinfo--color2\" id=\"bloc_10_6\">\n<div class=\"container\">\n<div class=\"row\">\n<div class=\"col-12 col-md-6\">\n<h2><span>Pentru a afla mai multe despre activit\u0103\u021bile de la \u0219coal\u0103, consulta\u021bi Instragram-ul nostru!<\/span><\/h2>\n<p>Instagram-ul nostru<\/p>\n<p>\t\t\t\t<!-- Changer la classe de couleur du bouton en fonction de la couleur g\u00e9n\u00e9rale du bloc --><\/p>\n<div class=\"bloc_cta\" >\n\t<a href=\"https:\/\/www.instagram.com\/efibucarest\/\" title=\"Click aici\" target=\"\" class=\"mr-3 btn btn--color2\">Click aici<\/a> \t\t\t\t<\/div>\n<\/p><\/div>\n<\/p><\/div>\n<\/p><\/div>\n<\/div>\n","protected":false},"excerpt":{"rendered":"<p>Les petits lynx Podcastul EFI Bucarest, episodul 5 Les petits lynx &#8211; Episode 5 \u00cen acest episod, elevii no\u0219tri particip\u0103 [&hellip;]<\/p>\n","protected":false},"author":18,"featured_media":0,"comment_status":"closed","ping_status":"open","sticky":false,"template":"","format":"standard","meta":{"_acf_changed":false,"kdcopypost-origin-url":"","kdcopypost-origin-id":"","footnotes":""},"categories":[195],"tags":[],"class_list":["post-17048","post","type-post","status-publish","format-standard","hentry","category-actualites-ro"],"acf":{"sous_titre":"CM-urile noastre \u00ee\u0219i pun la \u00eencercare abilit\u0103\u021bile de citire. ","photo":17026},"yoast_head":"<!-- This site is optimized with the Yoast SEO plugin v26.9 - https:\/\/yoast.com\/product\/yoast-seo-wordpress\/ -->\n<title>Les petits lynx - Episodul 5 - EFI BUCURE\u0218TI<\/title>\n<meta name=\"robots\" content=\"index, follow, max-snippet:-1, max-image-preview:large, max-video-preview:-1\" \/>\n<link rel=\"canonical\" href=\"https:\/\/www.efibucarest.org\/ro\/2026\/01\/27\/les-petits-lynx-episodul-5\/\" \/>\n<meta property=\"og:locale\" content=\"ro_RO\" \/>\n<meta property=\"og:type\" content=\"article\" \/>\n<meta property=\"og:title\" content=\"Les petits lynx - Episodul 5 - EFI BUCURE\u0218TI\" \/>\n<meta property=\"og:description\" content=\"Les petits lynx Podcastul EFI Bucarest, episodul 5 Les petits lynx &#8211; Episode 5 \u00cen acest episod, elevii no\u0219tri particip\u0103 [&hellip;]\" \/>\n<meta property=\"og:url\" content=\"https:\/\/www.efibucarest.org\/ro\/2026\/01\/27\/les-petits-lynx-episodul-5\/\" \/>\n<meta property=\"og:site_name\" content=\"EFI BUCURE\u0218TI\" \/>\n<meta property=\"article:author\" content=\"https:\/\/www.facebook.com\/efibucarest\/?locale=fr_FR\" \/>\n<meta property=\"article:published_time\" content=\"2026-01-27T14:38:31+00:00\" \/>\n<meta property=\"article:modified_time\" content=\"2026-01-28T08:57:54+00:00\" \/>\n<meta name=\"author\" content=\"Bianca Stinga\" \/>\n<meta name=\"twitter:card\" content=\"summary_large_image\" \/>\n<meta name=\"twitter:label1\" content=\"Scris de\" \/>\n\t<meta name=\"twitter:data1\" content=\"Bianca Stinga\" \/>\n\t<meta name=\"twitter:label2\" content=\"Timp estimat pentru citire\" \/>\n\t<meta name=\"twitter:data2\" content=\"3 minute\" \/>\n<script type=\"application\/ld+json\" class=\"yoast-schema-graph\">{\"@context\":\"https:\/\/schema.org\",\"@graph\":[{\"@type\":\"Article\",\"@id\":\"https:\/\/www.efibucarest.org\/ro\/2026\/01\/27\/les-petits-lynx-episodul-5\/#article\",\"isPartOf\":{\"@id\":\"https:\/\/www.efibucarest.org\/ro\/2026\/01\/27\/les-petits-lynx-episodul-5\/\"},\"author\":{\"name\":\"Bianca Stinga\",\"@id\":\"https:\/\/www.efibucarest.org\/ro\/#\/schema\/person\/73e841f123f211a29fd9343498df1f85\"},\"headline\":\"Les petits lynx &#8211; Episodul 5\",\"datePublished\":\"2026-01-27T14:38:31+00:00\",\"dateModified\":\"2026-01-28T08:57:54+00:00\",\"mainEntityOfPage\":{\"@id\":\"https:\/\/www.efibucarest.org\/ro\/2026\/01\/27\/les-petits-lynx-episodul-5\/\"},\"wordCount\":195,\"articleSection\":[\"Actualit\u00e9s\"],\"inLanguage\":\"ro-RO\"},{\"@type\":\"WebPage\",\"@id\":\"https:\/\/www.efibucarest.org\/ro\/2026\/01\/27\/les-petits-lynx-episodul-5\/\",\"url\":\"https:\/\/www.efibucarest.org\/ro\/2026\/01\/27\/les-petits-lynx-episodul-5\/\",\"name\":\"Les petits lynx - Episodul 5 - EFI BUCURE\u0218TI\",\"isPartOf\":{\"@id\":\"https:\/\/www.efibucarest.org\/ro\/#website\"},\"datePublished\":\"2026-01-27T14:38:31+00:00\",\"dateModified\":\"2026-01-28T08:57:54+00:00\",\"author\":{\"@id\":\"https:\/\/www.efibucarest.org\/ro\/#\/schema\/person\/73e841f123f211a29fd9343498df1f85\"},\"breadcrumb\":{\"@id\":\"https:\/\/www.efibucarest.org\/ro\/2026\/01\/27\/les-petits-lynx-episodul-5\/#breadcrumb\"},\"inLanguage\":\"ro-RO\",\"potentialAction\":[{\"@type\":\"ReadAction\",\"target\":[\"https:\/\/www.efibucarest.org\/ro\/2026\/01\/27\/les-petits-lynx-episodul-5\/\"]}]},{\"@type\":\"BreadcrumbList\",\"@id\":\"https:\/\/www.efibucarest.org\/ro\/2026\/01\/27\/les-petits-lynx-episodul-5\/#breadcrumb\",\"itemListElement\":[{\"@type\":\"ListItem\",\"position\":1,\"name\":\"Accueil\",\"item\":\"https:\/\/www.efibucarest.org\/ro\/\"},{\"@type\":\"ListItem\",\"position\":2,\"name\":\"Les petits lynx &#8211; Episodul 5\"}]},{\"@type\":\"WebSite\",\"@id\":\"https:\/\/www.efibucarest.org\/ro\/#website\",\"url\":\"https:\/\/www.efibucarest.org\/ro\/\",\"name\":\"EFI BUCURE\u0218TI\",\"description\":\"EFI BUCURE\u0218TI\",\"potentialAction\":[{\"@type\":\"SearchAction\",\"target\":{\"@type\":\"EntryPoint\",\"urlTemplate\":\"https:\/\/www.efibucarest.org\/ro\/?s={search_term_string}\"},\"query-input\":{\"@type\":\"PropertyValueSpecification\",\"valueRequired\":true,\"valueName\":\"search_term_string\"}}],\"inLanguage\":\"ro-RO\"},{\"@type\":\"Person\",\"@id\":\"https:\/\/www.efibucarest.org\/ro\/#\/schema\/person\/73e841f123f211a29fd9343498df1f85\",\"name\":\"Bianca Stinga\",\"image\":{\"@type\":\"ImageObject\",\"inLanguage\":\"ro-RO\",\"@id\":\"https:\/\/www.efibucarest.org\/ro\/#\/schema\/person\/image\/\",\"url\":\"https:\/\/secure.gravatar.com\/avatar\/6c01c22cd47d45a2c4dbf3be9275161f51f14ff7f0eddea6d13d1c5ffb2bf6d8?s=96&d=mm&r=g\",\"contentUrl\":\"https:\/\/secure.gravatar.com\/avatar\/6c01c22cd47d45a2c4dbf3be9275161f51f14ff7f0eddea6d13d1c5ffb2bf6d8?s=96&d=mm&r=g\",\"caption\":\"Bianca Stinga\"},\"sameAs\":[\"https:\/\/www.facebook.com\/efibucarest\/?locale=fr_FR\",\"https:\/\/www.instagram.com\/efibucarest\/\"],\"url\":\"https:\/\/www.efibucarest.org\/ro\/author\/bianca-stingaefibucarest-org\/\"}]}<\/script>\n<!-- \/ Yoast SEO plugin. -->","yoast_head_json":{"title":"Les petits lynx - Episodul 5 - EFI BUCURE\u0218TI","robots":{"index":"index","follow":"follow","max-snippet":"max-snippet:-1","max-image-preview":"max-image-preview:large","max-video-preview":"max-video-preview:-1"},"canonical":"https:\/\/www.efibucarest.org\/ro\/2026\/01\/27\/les-petits-lynx-episodul-5\/","og_locale":"ro_RO","og_type":"article","og_title":"Les petits lynx - Episodul 5 - EFI BUCURE\u0218TI","og_description":"Les petits lynx Podcastul EFI Bucarest, episodul 5 Les petits lynx &#8211; Episode 5 \u00cen acest episod, elevii no\u0219tri particip\u0103 [&hellip;]","og_url":"https:\/\/www.efibucarest.org\/ro\/2026\/01\/27\/les-petits-lynx-episodul-5\/","og_site_name":"EFI BUCURE\u0218TI","article_author":"https:\/\/www.facebook.com\/efibucarest\/?locale=fr_FR","article_published_time":"2026-01-27T14:38:31+00:00","article_modified_time":"2026-01-28T08:57:54+00:00","author":"Bianca Stinga","twitter_card":"summary_large_image","twitter_misc":{"Scris de":"Bianca Stinga","Timp estimat pentru citire":"3 minute"},"schema":{"@context":"https:\/\/schema.org","@graph":[{"@type":"Article","@id":"https:\/\/www.efibucarest.org\/ro\/2026\/01\/27\/les-petits-lynx-episodul-5\/#article","isPartOf":{"@id":"https:\/\/www.efibucarest.org\/ro\/2026\/01\/27\/les-petits-lynx-episodul-5\/"},"author":{"name":"Bianca Stinga","@id":"https:\/\/www.efibucarest.org\/ro\/#\/schema\/person\/73e841f123f211a29fd9343498df1f85"},"headline":"Les petits lynx &#8211; Episodul 5","datePublished":"2026-01-27T14:38:31+00:00","dateModified":"2026-01-28T08:57:54+00:00","mainEntityOfPage":{"@id":"https:\/\/www.efibucarest.org\/ro\/2026\/01\/27\/les-petits-lynx-episodul-5\/"},"wordCount":195,"articleSection":["Actualit\u00e9s"],"inLanguage":"ro-RO"},{"@type":"WebPage","@id":"https:\/\/www.efibucarest.org\/ro\/2026\/01\/27\/les-petits-lynx-episodul-5\/","url":"https:\/\/www.efibucarest.org\/ro\/2026\/01\/27\/les-petits-lynx-episodul-5\/","name":"Les petits lynx - Episodul 5 - EFI BUCURE\u0218TI","isPartOf":{"@id":"https:\/\/www.efibucarest.org\/ro\/#website"},"datePublished":"2026-01-27T14:38:31+00:00","dateModified":"2026-01-28T08:57:54+00:00","author":{"@id":"https:\/\/www.efibucarest.org\/ro\/#\/schema\/person\/73e841f123f211a29fd9343498df1f85"},"breadcrumb":{"@id":"https:\/\/www.efibucarest.org\/ro\/2026\/01\/27\/les-petits-lynx-episodul-5\/#breadcrumb"},"inLanguage":"ro-RO","potentialAction":[{"@type":"ReadAction","target":["https:\/\/www.efibucarest.org\/ro\/2026\/01\/27\/les-petits-lynx-episodul-5\/"]}]},{"@type":"BreadcrumbList","@id":"https:\/\/www.efibucarest.org\/ro\/2026\/01\/27\/les-petits-lynx-episodul-5\/#breadcrumb","itemListElement":[{"@type":"ListItem","position":1,"name":"Accueil","item":"https:\/\/www.efibucarest.org\/ro\/"},{"@type":"ListItem","position":2,"name":"Les petits lynx &#8211; Episodul 5"}]},{"@type":"WebSite","@id":"https:\/\/www.efibucarest.org\/ro\/#website","url":"https:\/\/www.efibucarest.org\/ro\/","name":"EFI BUCURE\u0218TI","description":"EFI BUCURE\u0218TI","potentialAction":[{"@type":"SearchAction","target":{"@type":"EntryPoint","urlTemplate":"https:\/\/www.efibucarest.org\/ro\/?s={search_term_string}"},"query-input":{"@type":"PropertyValueSpecification","valueRequired":true,"valueName":"search_term_string"}}],"inLanguage":"ro-RO"},{"@type":"Person","@id":"https:\/\/www.efibucarest.org\/ro\/#\/schema\/person\/73e841f123f211a29fd9343498df1f85","name":"Bianca Stinga","image":{"@type":"ImageObject","inLanguage":"ro-RO","@id":"https:\/\/www.efibucarest.org\/ro\/#\/schema\/person\/image\/","url":"https:\/\/secure.gravatar.com\/avatar\/6c01c22cd47d45a2c4dbf3be9275161f51f14ff7f0eddea6d13d1c5ffb2bf6d8?s=96&d=mm&r=g","contentUrl":"https:\/\/secure.gravatar.com\/avatar\/6c01c22cd47d45a2c4dbf3be9275161f51f14ff7f0eddea6d13d1c5ffb2bf6d8?s=96&d=mm&r=g","caption":"Bianca Stinga"},"sameAs":["https:\/\/www.facebook.com\/efibucarest\/?locale=fr_FR","https:\/\/www.instagram.com\/efibucarest\/"],"url":"https:\/\/www.efibucarest.org\/ro\/author\/bianca-stingaefibucarest-org\/"}]}},"lang":"ro","_links":{"self":[{"href":"https:\/\/www.efibucarest.org\/ro\/wp-json\/wp\/v2\/posts\/17048","targetHints":{"allow":["GET"]}}],"collection":[{"href":"https:\/\/www.efibucarest.org\/ro\/wp-json\/wp\/v2\/posts"}],"about":[{"href":"https:\/\/www.efibucarest.org\/ro\/wp-json\/wp\/v2\/types\/post"}],"author":[{"embeddable":true,"href":"https:\/\/www.efibucarest.org\/ro\/wp-json\/wp\/v2\/users\/18"}],"replies":[{"embeddable":true,"href":"https:\/\/www.efibucarest.org\/ro\/wp-json\/wp\/v2\/comments?post=17048"}],"version-history":[{"count":13,"href":"https:\/\/www.efibucarest.org\/ro\/wp-json\/wp\/v2\/posts\/17048\/revisions"}],"predecessor-version":[{"id":17082,"href":"https:\/\/www.efibucarest.org\/ro\/wp-json\/wp\/v2\/posts\/17048\/revisions\/17082"}],"wp:attachment":[{"href":"https:\/\/www.efibucarest.org\/ro\/wp-json\/wp\/v2\/media?parent=17048"}],"wp:term":[{"taxonomy":"category","embeddable":true,"href":"https:\/\/www.efibucarest.org\/ro\/wp-json\/wp\/v2\/categories?post=17048"},{"taxonomy":"post_tag","embeddable":true,"href":"https:\/\/www.efibucarest.org\/ro\/wp-json\/wp\/v2\/tags?post=17048"}],"curies":[{"name":"wp","href":"https:\/\/api.w.org\/{rel}","templated":true}]}}