{"id":15460,"date":"2025-04-08T10:51:41","date_gmt":"2025-04-08T08:51:41","guid":{"rendered":"https:\/\/www.efibucarest.org\/?p=15460"},"modified":"2025-04-08T10:51:45","modified_gmt":"2025-04-08T08:51:45","slug":"marchs-newsletter","status":"publish","type":"post","link":"https:\/\/www.efibucarest.org\/ro\/2025\/04\/08\/marchs-newsletter\/","title":{"rendered":"March&#8217;s newsletter"},"content":{"rendered":"<p>\t\t\t\t<!-- avec ou sans CTA : m\u00eame code, \u00e7a centre verticalement le texte --><\/p>\n<div class=\"smallheader\" id=\"bloc_small_header_7\">\n<style type=\"text\/css\">\n\t\t\t\t\t\t\t#bloc_small_header_7 {background-image: url(https:\/\/www.efibucarest.org\/wp-content\/uploads\/2025\/04\/art-aborigene-1-610x270.png);}\n\t\t\t\t\t\t\t@media (min-width: 480px) {\t#bloc_small_header_7 {background-image: url(https:\/\/www.efibucarest.org\/wp-content\/uploads\/2025\/04\/art-aborigene-1-610x270.png);}}\n\t\t\t\t\t\t\t@media (min-width: 768px) {\t#bloc_small_header_7 {background-image: url(https:\/\/www.efibucarest.org\/wp-content\/uploads\/2025\/04\/art-aborigene-1-806x1024.png);}}\n\t\t\t\t\t\t\t@media (min-width: 992px) { #bloc_small_header_7 {background-image: url(https:\/\/www.efibucarest.org\/wp-content\/uploads\/2025\/04\/art-aborigene-1-806x1024.png);}}\n\t\t\t\t\t\t\t@media (min-width: 1200px) { #bloc_small_header_7 {background-image: url(https:\/\/www.efibucarest.org\/wp-content\/uploads\/2025\/04\/art-aborigene-1-1209x1536.png);}}\n\t\t\t\t\t\t<\/style>\n<div class=\"container d-flex flex-column justify-content-center align-items-start\">\n<h1><span>March&#8217;s newsletter<\/span><\/h1>\n<p>Luna martie a fost colorat\u0103!  Elevii au tr\u0103it multe momente de distrac\u021bie \u0219i emo\u021bie, pline de descoperiri \u0219i lucruri noi de \u00eenv\u0103\u021bat.<\/p>\n<\/p><\/div>\n<\/p><\/div>\n<div class=\"blocmedia blocmedia--textright blocmedia--color1\" id=\"bloc_2_8\">\n<div class=\"container\">\n<div class=\"row\">\n<div class=\"col-12 col-md-6\">\n<div class=\"slider\">\n<div id=\"slider-bloc_2_8\" class=\"flexslider flexslider--blocmedia loading\">\n<ul class=\"slides list-unstyled\">\n<li class=\"slider-li\">\n\t\t\t\t\t\t\t\t\t\t     \t<a data-fancybox=\"rel-slider-bloc_2_8\" data-caption=\"\" href=\"https:\/\/www.efibucarest.org\/wp-content\/uploads\/2025\/04\/art-aborigene-1-722x564.png\"><br \/>\n\t\t\t\t\t\t\t\t\t\t\t\t\t<img decoding=\"async\" class=\"img-fluid\" src=\"https:\/\/www.efibucarest.org\/wp-content\/uploads\/2025\/04\/art-aborigene-1-722x564.png\" width=\"\" height=\"\" alt=\"\"><br \/>\n\t\t\t\t\t\t\t\t\t\t\t\t<\/a>\n\t\t\t\t\t\t\t\t\t\t     <\/li>\n<li class=\"slider-li\">\n\t\t\t\t\t\t\t\t\t\t     \t<a data-fancybox=\"rel-slider-bloc_2_8\" data-caption=\"\" href=\"https:\/\/www.efibucarest.org\/wp-content\/uploads\/2025\/04\/art-aborigene-2-722x564.png\"><br \/>\n\t\t\t\t\t\t\t\t\t\t\t\t\t<img decoding=\"async\" class=\"img-fluid\" src=\"https:\/\/www.efibucarest.org\/wp-content\/uploads\/2025\/04\/art-aborigene-2-722x564.png\" width=\"\" height=\"\" alt=\"\"><br \/>\n\t\t\t\t\t\t\t\t\t\t\t\t<\/a>\n\t\t\t\t\t\t\t\t\t\t     <\/li>\n<li class=\"slider-li\">\n\t\t\t\t\t\t\t\t\t\t     \t<a data-fancybox=\"rel-slider-bloc_2_8\" data-caption=\"\" href=\"https:\/\/www.efibucarest.org\/wp-content\/uploads\/2025\/04\/IMG-20250401-WA0003-722x564.jpg\"><br \/>\n\t\t\t\t\t\t\t\t\t\t\t\t\t<img decoding=\"async\" class=\"img-fluid\" src=\"https:\/\/www.efibucarest.org\/wp-content\/uploads\/2025\/04\/IMG-20250401-WA0003-722x564.jpg\" width=\"\" height=\"\" alt=\"\"><br \/>\n\t\t\t\t\t\t\t\t\t\t\t\t<\/a>\n\t\t\t\t\t\t\t\t\t\t     <\/li>\n<li class=\"slider-li\">\n\t\t\t\t\t\t\t\t\t\t     \t<a data-fancybox=\"rel-slider-bloc_2_8\" data-caption=\"\" href=\"https:\/\/www.efibucarest.org\/wp-content\/uploads\/2025\/04\/IMG-20250401-WA0026-722x564.jpg\"><br \/>\n\t\t\t\t\t\t\t\t\t\t\t\t\t<img decoding=\"async\" class=\"img-fluid\" src=\"https:\/\/www.efibucarest.org\/wp-content\/uploads\/2025\/04\/IMG-20250401-WA0026-722x564.jpg\" width=\"\" height=\"\" alt=\"\"><br \/>\n\t\t\t\t\t\t\t\t\t\t\t\t<\/a>\n\t\t\t\t\t\t\t\t\t\t     <\/li>\n<\/ul><\/div>\n<\/p><\/div>\n<\/p><\/div>\n<div class=\"col-12 col-md-5 d-flex flex-column justify-content-center align-items-start mb-2 mb-md-0\">\n<div class=\"text\">\n<h2><span>Arta aborigen\u0103<\/span><\/h2>\n<p>Elevii de la CE1 au explorat arta aborigen\u0103 cre\u00e2nd postere frumoase \u0219i colorate.<br \/>\nPrin acest proiect, ei au descoperit o cultur\u0103 nou\u0103, \u0219i-au \u00eembun\u0103t\u0103\u021bit motricitatea fin\u0103 \u0219i \u0219i-au exprimat creativitatea inspir\u00e2ndu-se din motivele tradi\u021bionale.<\/p>\n<p>Lucr\u0103rile lor sunt acum expuse la \u0219coal\u0103, aduc\u00e2nd o frumoas\u0103 not\u0103 artistic\u0103 \u0219i cultural\u0103 \u00een mediul nostru!<\/p>\n<p>\t\t\t\t\t\t<!-- Changer la classe de couleur du bouton en fonction de la couleur g\u00e9n\u00e9rale du bloc --><\/p>\n<div class=\"bloc_cta\" ><\/div>\n<\/p><\/div>\n<\/p><\/div>\n<\/p><\/div>\n<\/p><\/div>\n<\/div>\n<div class=\"blocmedia blocmedia--textleft blocmedia--color2\" id=\"bloc_2_9\">\n<div class=\"container\">\n<div class=\"row\">\n<div class=\"col-12 col-md-6\">\n<div class=\"slider\">\n<div id=\"slider-bloc_2_9\" class=\"flexslider flexslider--blocmedia loading\">\n<ul class=\"slides list-unstyled\">\n<li class=\"slider-li\">\n\t\t\t\t\t\t\t\t\t\t     \t<a data-fancybox=\"rel-slider-bloc_2_9\" data-caption=\"\" href=\"https:\/\/www.efibucarest.org\/wp-content\/uploads\/2025\/04\/if-tps-1-722x564.jpg\"><br \/>\n\t\t\t\t\t\t\t\t\t\t\t\t\t<img decoding=\"async\" class=\"img-fluid\" src=\"https:\/\/www.efibucarest.org\/wp-content\/uploads\/2025\/04\/if-tps-1-722x564.jpg\" width=\"\" height=\"\" alt=\"\"><br \/>\n\t\t\t\t\t\t\t\t\t\t\t\t<\/a>\n\t\t\t\t\t\t\t\t\t\t     <\/li>\n<li class=\"slider-li\">\n\t\t\t\t\t\t\t\t\t\t     \t<a data-fancybox=\"rel-slider-bloc_2_9\" data-caption=\"\" href=\"https:\/\/www.efibucarest.org\/wp-content\/uploads\/2025\/04\/tps-if-7-722x564.jpg\"><br \/>\n\t\t\t\t\t\t\t\t\t\t\t\t\t<img decoding=\"async\" class=\"img-fluid\" src=\"https:\/\/www.efibucarest.org\/wp-content\/uploads\/2025\/04\/tps-if-7-722x564.jpg\" width=\"\" height=\"\" alt=\"\"><br \/>\n\t\t\t\t\t\t\t\t\t\t\t\t<\/a>\n\t\t\t\t\t\t\t\t\t\t     <\/li>\n<li class=\"slider-li\">\n\t\t\t\t\t\t\t\t\t\t     \t<a data-fancybox=\"rel-slider-bloc_2_9\" data-caption=\"\" href=\"https:\/\/www.efibucarest.org\/wp-content\/uploads\/2025\/04\/if-tps-2-722x564.jpg\"><br \/>\n\t\t\t\t\t\t\t\t\t\t\t\t\t<img decoding=\"async\" class=\"img-fluid\" src=\"https:\/\/www.efibucarest.org\/wp-content\/uploads\/2025\/04\/if-tps-2-722x564.jpg\" width=\"\" height=\"\" alt=\"\"><br \/>\n\t\t\t\t\t\t\t\t\t\t\t\t<\/a>\n\t\t\t\t\t\t\t\t\t\t     <\/li>\n<\/ul><\/div>\n<\/p><\/div>\n<\/p><\/div>\n<div class=\"col-12 col-md-5 d-flex flex-column justify-content-center align-items-start mb-2 mb-md-0\">\n<div class=\"text\">\n<h2><span>Cei mici la Institut fran\u00e7ais<\/span><\/h2>\n<p>Cei mai mici elevi au descoperit cu uimire Institutul Francez \u00een timpul primei lor ie\u0219iri la bibliotec\u0103. \u00cen total\u0103 autonomie, au explorat c\u0103r\u021bile \u00een lini\u0219te \u00eenainte de a alege o sesiune de lectur\u0103 \u00een limba dorit\u0103.<\/p>\n<p>\t\t\t\t\t\t<!-- Changer la classe de couleur du bouton en fonction de la couleur g\u00e9n\u00e9rale du bloc --><\/p>\n<div class=\"bloc_cta\" ><\/div>\n<\/p><\/div>\n<\/p><\/div>\n<\/p><\/div>\n<\/p><\/div>\n<\/div>\n<div class=\"blocmedia blocmedia--textright blocmedia--color3\" id=\"bloc_2_10\">\n<div class=\"container\">\n<div class=\"row\">\n<div class=\"col-12 col-md-6\">\n<div class=\"slider\">\n<div id=\"slider-bloc_2_10\" class=\"flexslider flexslider--blocmedia loading\">\n<ul class=\"slides list-unstyled\">\n<li class=\"slider-li\">\n\t\t\t\t\t\t\t\t\t\t     \t<a data-fancybox=\"rel-slider-bloc_2_10\" data-caption=\"\" href=\"https:\/\/www.efibucarest.org\/wp-content\/uploads\/2025\/04\/musee-ms-1-722x564.jpeg\"><br \/>\n\t\t\t\t\t\t\t\t\t\t\t\t\t<img decoding=\"async\" class=\"img-fluid\" src=\"https:\/\/www.efibucarest.org\/wp-content\/uploads\/2025\/04\/musee-ms-1-722x564.jpeg\" width=\"\" height=\"\" alt=\"\"><br \/>\n\t\t\t\t\t\t\t\t\t\t\t\t<\/a>\n\t\t\t\t\t\t\t\t\t\t     <\/li>\n<li class=\"slider-li\">\n\t\t\t\t\t\t\t\t\t\t     \t<a data-fancybox=\"rel-slider-bloc_2_10\" data-caption=\"\" href=\"https:\/\/www.efibucarest.org\/wp-content\/uploads\/2025\/04\/musee-ms-2-722x564.jpeg\"><br \/>\n\t\t\t\t\t\t\t\t\t\t\t\t\t<img decoding=\"async\" class=\"img-fluid\" src=\"https:\/\/www.efibucarest.org\/wp-content\/uploads\/2025\/04\/musee-ms-2-722x564.jpeg\" width=\"\" height=\"\" alt=\"\"><br \/>\n\t\t\t\t\t\t\t\t\t\t\t\t<\/a>\n\t\t\t\t\t\t\t\t\t\t     <\/li>\n<li class=\"slider-li\">\n\t\t\t\t\t\t\t\t\t\t     \t<a data-fancybox=\"rel-slider-bloc_2_10\" data-caption=\"\" href=\"https:\/\/www.efibucarest.org\/wp-content\/uploads\/2025\/04\/musee-ms-3-722x564.jpeg\"><br \/>\n\t\t\t\t\t\t\t\t\t\t\t\t\t<img decoding=\"async\" class=\"img-fluid\" src=\"https:\/\/www.efibucarest.org\/wp-content\/uploads\/2025\/04\/musee-ms-3-722x564.jpeg\" width=\"\" height=\"\" alt=\"\"><br \/>\n\t\t\t\t\t\t\t\t\t\t\t\t<\/a>\n\t\t\t\t\t\t\t\t\t\t     <\/li>\n<\/ul><\/div>\n<\/p><\/div>\n<\/p><\/div>\n<div class=\"col-12 col-md-5 d-flex flex-column justify-content-center align-items-start mb-2 mb-md-0\">\n<div class=\"text\">\n<h2><span>Elevii de la MS\/PS la Muzeul de Istorie Natural\u0103<\/span><\/h2>\n<p>Elevii au descoperit biodiversitatea \u0219i originile universului nostru \u00een timpul vizitei la Muzeul de Istorie Natural\u0103 Grigore Antipa.<br \/>\n A fost o oportunitate minunat\u0103 de a le trezi curiozitatea \u0219i de a explora minun\u0103\u021biile lumii naturale!<\/p>\n<p>\t\t\t\t\t\t<!-- Changer la classe de couleur du bouton en fonction de la couleur g\u00e9n\u00e9rale du bloc --><\/p>\n<div class=\"bloc_cta\" ><\/div>\n<\/p><\/div>\n<\/p><\/div>\n<\/p><\/div>\n<\/p><\/div>\n<\/div>\n<div class=\"bloctext bloctext--color4 bloctext--haspattern\" id=\"bloc_6_11\">\n<div class=\"container\">\n<div class=\"row\">\n<div class=\"col-12 col-lg-4 col-xl-3 mb-1\">\n<h2><span>\u0218i multe alte activit\u0103\u021bi :<\/span><\/h2>\n<\/p><\/div>\n<div class=\"col-12 col-lg-8 col-xl-9\">\n<div class=\"text pl-lg-4\">\n<ul>\n<li>Elevii de la CMB au participat la Concursul Kangourou de Matematic\u0103 \u00een timpul S\u0103pt\u0103m\u00e2nii Matematicii!<\/li>\n<li>\u00cen timpul \u201eGrande Lessive\u201d, elevii de la CMA au realizat postere \u00een limba englez\u0103, combin\u00e2nd creativitatea cu \u00eenv\u0103\u021barea limbii!<\/li>\n<li>Copiii din Clubul Manga \u00ee\u0219i continu\u0103 aventura creativ\u0103 \u0219i avanseaz\u0103 cu pove\u0219tile lor.<\/li>\n<\/ul>\n<div class=\"text-base my-auto mx-auto py-5 px-6\">\n<div class=\"mx-auto flex flex-1 text-base gap-4 md:gap-5 lg:gap-6 md:max-w-3xl lg:max-w-[40rem] xl:max-w-[48rem] group\/turn-messages focus-visible:outline-hidden\" tabindex=\"-1\">\n<div class=\"group\/conversation-turn relative flex w-full min-w-0 flex-col agent-turn @xs\/thread:px-0 @sm\/thread:px-1.5 @md\/thread:px-4\">\n<div class=\"relative flex-col gap-1 md:gap-3\">\n<div class=\"flex max-w-full flex-col grow\">\n<div class=\"min-h-8 text-message relative flex w-full flex-col items-end gap-2 text-start break-words whitespace-normal [.text-message+&amp;]:mt-5\" dir=\"auto\" data-message-author-role=\"assistant\" data-message-id=\"d05b28cd-a5b4-4bcd-8c36-e20d7bdfd678\" data-message-model-slug=\"gpt-4o\">\n<div class=\"flex w-full flex-col gap-1 empty:hidden first:pt-[3px]\">\n<div class=\"markdown prose dark:prose-invert w-full break-words light\"><\/div>\n<\/div>\n<\/div>\n<\/div>\n<div class=\"flex justify-start\"><\/div>\n<\/div>\n<\/div>\n<\/div>\n<\/div><\/div>\n<\/p><\/div>\n<\/p><\/div>\n<\/p><\/div>\n<\/div>\n<div class=\"blocinfo blocinfo--nocolor\" id=\"bloc_10_12\">\n<div class=\"container\">\n<div class=\"row\">\n<div class=\"col-12 col-md-6\">\n<h2><span>\u00cencepe-i viitorul ast\u0103zi!<\/span><\/h2>\n<p>Sunt deschise \u00eenscrierile pentru anul \u0219colar 2025-2026<\/p>\n<p>\t\t\t\t<!-- Changer la classe de couleur du bouton en fonction de la couleur g\u00e9n\u00e9rale du bloc --><\/p>\n<div class=\"bloc_cta\" >\n\t<a href=\"https:\/\/efibucarest.eduka.school\/\" title=\"Inregistreaza-te\" target=\"\" class=\"mr-3 btn btn--nocolor\">Inregistreaza-te<\/a> \t\t\t\t<\/div>\n<\/p><\/div>\n<\/p><\/div>\n<\/p><\/div>\n<\/div>\n","protected":false},"excerpt":{"rendered":"<p>March&#8217;s newsletter Luna martie a fost colorat\u0103! Elevii au tr\u0103it multe momente de distrac\u021bie \u0219i emo\u021bie, pline de descoperiri \u0219i [&hellip;]<\/p>\n","protected":false},"author":18,"featured_media":0,"comment_status":"closed","ping_status":"open","sticky":false,"template":"","format":"standard","meta":{"_acf_changed":false,"kdcopypost-origin-url":"","kdcopypost-origin-id":"","footnotes":""},"categories":[195],"tags":[],"class_list":["post-15460","post","type-post","status-publish","format-standard","hentry","category-actualites-ro"],"acf":{"sous_titre":"","photo":15297},"yoast_head":"<!-- This site is optimized with the Yoast SEO plugin v26.9 - https:\/\/yoast.com\/product\/yoast-seo-wordpress\/ -->\n<title>March&#039;s newsletter - EFI BUCURE\u0218TI<\/title>\n<meta name=\"robots\" content=\"index, follow, max-snippet:-1, max-image-preview:large, max-video-preview:-1\" \/>\n<link rel=\"canonical\" href=\"https:\/\/www.efibucarest.org\/ro\/2025\/04\/08\/marchs-newsletter\/\" \/>\n<meta property=\"og:locale\" content=\"ro_RO\" \/>\n<meta property=\"og:type\" content=\"article\" \/>\n<meta property=\"og:title\" content=\"March&#039;s newsletter - EFI BUCURE\u0218TI\" \/>\n<meta property=\"og:description\" content=\"March&#8217;s newsletter Luna martie a fost colorat\u0103! Elevii au tr\u0103it multe momente de distrac\u021bie \u0219i emo\u021bie, pline de descoperiri \u0219i [&hellip;]\" \/>\n<meta property=\"og:url\" content=\"https:\/\/www.efibucarest.org\/ro\/2025\/04\/08\/marchs-newsletter\/\" \/>\n<meta property=\"og:site_name\" content=\"EFI BUCURE\u0218TI\" \/>\n<meta property=\"article:author\" content=\"https:\/\/www.facebook.com\/efibucarest\/?locale=fr_FR\" \/>\n<meta property=\"article:published_time\" content=\"2025-04-08T08:51:41+00:00\" \/>\n<meta property=\"article:modified_time\" content=\"2025-04-08T08:51:45+00:00\" \/>\n<meta property=\"og:image\" content=\"https:\/\/www.efibucarest.org\/wp-content\/uploads\/2025\/04\/art-aborigene-1-722x564.png\" \/>\n<meta name=\"author\" content=\"Bianca Stinga\" \/>\n<meta name=\"twitter:card\" content=\"summary_large_image\" \/>\n<meta name=\"twitter:label1\" content=\"Scris de\" \/>\n\t<meta name=\"twitter:data1\" content=\"Bianca Stinga\" \/>\n\t<meta name=\"twitter:label2\" content=\"Timp estimat pentru citire\" \/>\n\t<meta name=\"twitter:data2\" content=\"4 minute\" \/>\n<script type=\"application\/ld+json\" class=\"yoast-schema-graph\">{\"@context\":\"https:\/\/schema.org\",\"@graph\":[{\"@type\":\"Article\",\"@id\":\"https:\/\/www.efibucarest.org\/ro\/2025\/04\/08\/marchs-newsletter\/#article\",\"isPartOf\":{\"@id\":\"https:\/\/www.efibucarest.org\/ro\/2025\/04\/08\/marchs-newsletter\/\"},\"author\":{\"name\":\"Bianca Stinga\",\"@id\":\"https:\/\/www.efibucarest.org\/ro\/#\/schema\/person\/73e841f123f211a29fd9343498df1f85\"},\"headline\":\"March&#8217;s newsletter\",\"datePublished\":\"2025-04-08T08:51:41+00:00\",\"dateModified\":\"2025-04-08T08:51:45+00:00\",\"mainEntityOfPage\":{\"@id\":\"https:\/\/www.efibucarest.org\/ro\/2025\/04\/08\/marchs-newsletter\/\"},\"wordCount\":254,\"image\":{\"@id\":\"https:\/\/www.efibucarest.org\/ro\/2025\/04\/08\/marchs-newsletter\/#primaryimage\"},\"thumbnailUrl\":\"https:\/\/www.efibucarest.org\/wp-content\/uploads\/2025\/04\/art-aborigene-1-722x564.png\",\"articleSection\":[\"Actualit\u00e9s\"],\"inLanguage\":\"ro-RO\"},{\"@type\":\"WebPage\",\"@id\":\"https:\/\/www.efibucarest.org\/ro\/2025\/04\/08\/marchs-newsletter\/\",\"url\":\"https:\/\/www.efibucarest.org\/ro\/2025\/04\/08\/marchs-newsletter\/\",\"name\":\"March's newsletter - EFI BUCURE\u0218TI\",\"isPartOf\":{\"@id\":\"https:\/\/www.efibucarest.org\/ro\/#website\"},\"primaryImageOfPage\":{\"@id\":\"https:\/\/www.efibucarest.org\/ro\/2025\/04\/08\/marchs-newsletter\/#primaryimage\"},\"image\":{\"@id\":\"https:\/\/www.efibucarest.org\/ro\/2025\/04\/08\/marchs-newsletter\/#primaryimage\"},\"thumbnailUrl\":\"https:\/\/www.efibucarest.org\/wp-content\/uploads\/2025\/04\/art-aborigene-1-722x564.png\",\"datePublished\":\"2025-04-08T08:51:41+00:00\",\"dateModified\":\"2025-04-08T08:51:45+00:00\",\"author\":{\"@id\":\"https:\/\/www.efibucarest.org\/ro\/#\/schema\/person\/73e841f123f211a29fd9343498df1f85\"},\"breadcrumb\":{\"@id\":\"https:\/\/www.efibucarest.org\/ro\/2025\/04\/08\/marchs-newsletter\/#breadcrumb\"},\"inLanguage\":\"ro-RO\",\"potentialAction\":[{\"@type\":\"ReadAction\",\"target\":[\"https:\/\/www.efibucarest.org\/ro\/2025\/04\/08\/marchs-newsletter\/\"]}]},{\"@type\":\"ImageObject\",\"inLanguage\":\"ro-RO\",\"@id\":\"https:\/\/www.efibucarest.org\/ro\/2025\/04\/08\/marchs-newsletter\/#primaryimage\",\"url\":\"https:\/\/www.efibucarest.org\/wp-content\/uploads\/2025\/04\/art-aborigene-1-722x564.png\",\"contentUrl\":\"https:\/\/www.efibucarest.org\/wp-content\/uploads\/2025\/04\/art-aborigene-1-722x564.png\"},{\"@type\":\"BreadcrumbList\",\"@id\":\"https:\/\/www.efibucarest.org\/ro\/2025\/04\/08\/marchs-newsletter\/#breadcrumb\",\"itemListElement\":[{\"@type\":\"ListItem\",\"position\":1,\"name\":\"Accueil\",\"item\":\"https:\/\/www.efibucarest.org\/ro\/\"},{\"@type\":\"ListItem\",\"position\":2,\"name\":\"March&rsquo;s newsletter\"}]},{\"@type\":\"WebSite\",\"@id\":\"https:\/\/www.efibucarest.org\/ro\/#website\",\"url\":\"https:\/\/www.efibucarest.org\/ro\/\",\"name\":\"EFI BUCURE\u0218TI\",\"description\":\"EFI BUCURE\u0218TI\",\"potentialAction\":[{\"@type\":\"SearchAction\",\"target\":{\"@type\":\"EntryPoint\",\"urlTemplate\":\"https:\/\/www.efibucarest.org\/ro\/?s={search_term_string}\"},\"query-input\":{\"@type\":\"PropertyValueSpecification\",\"valueRequired\":true,\"valueName\":\"search_term_string\"}}],\"inLanguage\":\"ro-RO\"},{\"@type\":\"Person\",\"@id\":\"https:\/\/www.efibucarest.org\/ro\/#\/schema\/person\/73e841f123f211a29fd9343498df1f85\",\"name\":\"Bianca Stinga\",\"image\":{\"@type\":\"ImageObject\",\"inLanguage\":\"ro-RO\",\"@id\":\"https:\/\/www.efibucarest.org\/ro\/#\/schema\/person\/image\/\",\"url\":\"https:\/\/secure.gravatar.com\/avatar\/6c01c22cd47d45a2c4dbf3be9275161f51f14ff7f0eddea6d13d1c5ffb2bf6d8?s=96&d=mm&r=g\",\"contentUrl\":\"https:\/\/secure.gravatar.com\/avatar\/6c01c22cd47d45a2c4dbf3be9275161f51f14ff7f0eddea6d13d1c5ffb2bf6d8?s=96&d=mm&r=g\",\"caption\":\"Bianca Stinga\"},\"sameAs\":[\"https:\/\/www.facebook.com\/efibucarest\/?locale=fr_FR\",\"https:\/\/www.instagram.com\/efibucarest\/\"],\"url\":\"https:\/\/www.efibucarest.org\/ro\/author\/bianca-stingaefibucarest-org\/\"}]}<\/script>\n<!-- \/ Yoast SEO plugin. -->","yoast_head_json":{"title":"March's newsletter - EFI BUCURE\u0218TI","robots":{"index":"index","follow":"follow","max-snippet":"max-snippet:-1","max-image-preview":"max-image-preview:large","max-video-preview":"max-video-preview:-1"},"canonical":"https:\/\/www.efibucarest.org\/ro\/2025\/04\/08\/marchs-newsletter\/","og_locale":"ro_RO","og_type":"article","og_title":"March's newsletter - EFI BUCURE\u0218TI","og_description":"March&#8217;s newsletter Luna martie a fost colorat\u0103! Elevii au tr\u0103it multe momente de distrac\u021bie \u0219i emo\u021bie, pline de descoperiri \u0219i [&hellip;]","og_url":"https:\/\/www.efibucarest.org\/ro\/2025\/04\/08\/marchs-newsletter\/","og_site_name":"EFI BUCURE\u0218TI","article_author":"https:\/\/www.facebook.com\/efibucarest\/?locale=fr_FR","article_published_time":"2025-04-08T08:51:41+00:00","article_modified_time":"2025-04-08T08:51:45+00:00","og_image":[{"url":"https:\/\/www.efibucarest.org\/wp-content\/uploads\/2025\/04\/art-aborigene-1-722x564.png","type":"","width":"","height":""}],"author":"Bianca Stinga","twitter_card":"summary_large_image","twitter_misc":{"Scris de":"Bianca Stinga","Timp estimat pentru citire":"4 minute"},"schema":{"@context":"https:\/\/schema.org","@graph":[{"@type":"Article","@id":"https:\/\/www.efibucarest.org\/ro\/2025\/04\/08\/marchs-newsletter\/#article","isPartOf":{"@id":"https:\/\/www.efibucarest.org\/ro\/2025\/04\/08\/marchs-newsletter\/"},"author":{"name":"Bianca Stinga","@id":"https:\/\/www.efibucarest.org\/ro\/#\/schema\/person\/73e841f123f211a29fd9343498df1f85"},"headline":"March&#8217;s newsletter","datePublished":"2025-04-08T08:51:41+00:00","dateModified":"2025-04-08T08:51:45+00:00","mainEntityOfPage":{"@id":"https:\/\/www.efibucarest.org\/ro\/2025\/04\/08\/marchs-newsletter\/"},"wordCount":254,"image":{"@id":"https:\/\/www.efibucarest.org\/ro\/2025\/04\/08\/marchs-newsletter\/#primaryimage"},"thumbnailUrl":"https:\/\/www.efibucarest.org\/wp-content\/uploads\/2025\/04\/art-aborigene-1-722x564.png","articleSection":["Actualit\u00e9s"],"inLanguage":"ro-RO"},{"@type":"WebPage","@id":"https:\/\/www.efibucarest.org\/ro\/2025\/04\/08\/marchs-newsletter\/","url":"https:\/\/www.efibucarest.org\/ro\/2025\/04\/08\/marchs-newsletter\/","name":"March's newsletter - EFI BUCURE\u0218TI","isPartOf":{"@id":"https:\/\/www.efibucarest.org\/ro\/#website"},"primaryImageOfPage":{"@id":"https:\/\/www.efibucarest.org\/ro\/2025\/04\/08\/marchs-newsletter\/#primaryimage"},"image":{"@id":"https:\/\/www.efibucarest.org\/ro\/2025\/04\/08\/marchs-newsletter\/#primaryimage"},"thumbnailUrl":"https:\/\/www.efibucarest.org\/wp-content\/uploads\/2025\/04\/art-aborigene-1-722x564.png","datePublished":"2025-04-08T08:51:41+00:00","dateModified":"2025-04-08T08:51:45+00:00","author":{"@id":"https:\/\/www.efibucarest.org\/ro\/#\/schema\/person\/73e841f123f211a29fd9343498df1f85"},"breadcrumb":{"@id":"https:\/\/www.efibucarest.org\/ro\/2025\/04\/08\/marchs-newsletter\/#breadcrumb"},"inLanguage":"ro-RO","potentialAction":[{"@type":"ReadAction","target":["https:\/\/www.efibucarest.org\/ro\/2025\/04\/08\/marchs-newsletter\/"]}]},{"@type":"ImageObject","inLanguage":"ro-RO","@id":"https:\/\/www.efibucarest.org\/ro\/2025\/04\/08\/marchs-newsletter\/#primaryimage","url":"https:\/\/www.efibucarest.org\/wp-content\/uploads\/2025\/04\/art-aborigene-1-722x564.png","contentUrl":"https:\/\/www.efibucarest.org\/wp-content\/uploads\/2025\/04\/art-aborigene-1-722x564.png"},{"@type":"BreadcrumbList","@id":"https:\/\/www.efibucarest.org\/ro\/2025\/04\/08\/marchs-newsletter\/#breadcrumb","itemListElement":[{"@type":"ListItem","position":1,"name":"Accueil","item":"https:\/\/www.efibucarest.org\/ro\/"},{"@type":"ListItem","position":2,"name":"March&rsquo;s newsletter"}]},{"@type":"WebSite","@id":"https:\/\/www.efibucarest.org\/ro\/#website","url":"https:\/\/www.efibucarest.org\/ro\/","name":"EFI BUCURE\u0218TI","description":"EFI BUCURE\u0218TI","potentialAction":[{"@type":"SearchAction","target":{"@type":"EntryPoint","urlTemplate":"https:\/\/www.efibucarest.org\/ro\/?s={search_term_string}"},"query-input":{"@type":"PropertyValueSpecification","valueRequired":true,"valueName":"search_term_string"}}],"inLanguage":"ro-RO"},{"@type":"Person","@id":"https:\/\/www.efibucarest.org\/ro\/#\/schema\/person\/73e841f123f211a29fd9343498df1f85","name":"Bianca Stinga","image":{"@type":"ImageObject","inLanguage":"ro-RO","@id":"https:\/\/www.efibucarest.org\/ro\/#\/schema\/person\/image\/","url":"https:\/\/secure.gravatar.com\/avatar\/6c01c22cd47d45a2c4dbf3be9275161f51f14ff7f0eddea6d13d1c5ffb2bf6d8?s=96&d=mm&r=g","contentUrl":"https:\/\/secure.gravatar.com\/avatar\/6c01c22cd47d45a2c4dbf3be9275161f51f14ff7f0eddea6d13d1c5ffb2bf6d8?s=96&d=mm&r=g","caption":"Bianca Stinga"},"sameAs":["https:\/\/www.facebook.com\/efibucarest\/?locale=fr_FR","https:\/\/www.instagram.com\/efibucarest\/"],"url":"https:\/\/www.efibucarest.org\/ro\/author\/bianca-stingaefibucarest-org\/"}]}},"lang":"ro","_links":{"self":[{"href":"https:\/\/www.efibucarest.org\/ro\/wp-json\/wp\/v2\/posts\/15460","targetHints":{"allow":["GET"]}}],"collection":[{"href":"https:\/\/www.efibucarest.org\/ro\/wp-json\/wp\/v2\/posts"}],"about":[{"href":"https:\/\/www.efibucarest.org\/ro\/wp-json\/wp\/v2\/types\/post"}],"author":[{"embeddable":true,"href":"https:\/\/www.efibucarest.org\/ro\/wp-json\/wp\/v2\/users\/18"}],"replies":[{"embeddable":true,"href":"https:\/\/www.efibucarest.org\/ro\/wp-json\/wp\/v2\/comments?post=15460"}],"version-history":[{"count":6,"href":"https:\/\/www.efibucarest.org\/ro\/wp-json\/wp\/v2\/posts\/15460\/revisions"}],"predecessor-version":[{"id":15466,"href":"https:\/\/www.efibucarest.org\/ro\/wp-json\/wp\/v2\/posts\/15460\/revisions\/15466"}],"wp:attachment":[{"href":"https:\/\/www.efibucarest.org\/ro\/wp-json\/wp\/v2\/media?parent=15460"}],"wp:term":[{"taxonomy":"category","embeddable":true,"href":"https:\/\/www.efibucarest.org\/ro\/wp-json\/wp\/v2\/categories?post=15460"},{"taxonomy":"post_tag","embeddable":true,"href":"https:\/\/www.efibucarest.org\/ro\/wp-json\/wp\/v2\/tags?post=15460"}],"curies":[{"name":"wp","href":"https:\/\/api.w.org\/{rel}","templated":true}]}}