{"id":12558,"date":"2024-04-24T11:14:45","date_gmt":"2024-04-24T09:14:45","guid":{"rendered":"https:\/\/www.efibucarest.org\/2024\/04\/24\/lefi-bucarest-conclut-un-partenariat-avec-le-lycee-francais-anna-de-noailles\/"},"modified":"2024-04-24T11:25:44","modified_gmt":"2024-04-24T09:25:44","slug":"lefi-bucarest-conclut-un-partenariat-avec-le-lycee-francais-anna-de-noailles","status":"publish","type":"post","link":"https:\/\/www.efibucarest.org\/en\/2024\/04\/24\/lefi-bucarest-conclut-un-partenariat-avec-le-lycee-francais-anna-de-noailles\/","title":{"rendered":"EFI Bucharest signs a partnership agreement with the Lyc\u00e9e Fran\u00e7ais Anna de Noailles"},"content":{"rendered":"<p>\t\t\t\t<!-- avec ou sans CTA : m\u00eame code, \u00e7a centre verticalement le texte --><\/p>\n<div class=\"smallheader\" id=\"bloc_small_header_1\">\n<style type=\"text\/css\">\n\t\t\t\t\t\t\t#bloc_small_header_1 {background-image: url(https:\/\/www.efibucarest.org\/wp-content\/uploads\/2024\/04\/202404_EFI-Bucarest_Header-610x270.jpg);}\n\t\t\t\t\t\t\t@media (min-width: 480px) {\t#bloc_small_header_1 {background-image: url(https:\/\/www.efibucarest.org\/wp-content\/uploads\/2024\/04\/202404_EFI-Bucarest_Header-610x270.jpg);}}\n\t\t\t\t\t\t\t@media (min-width: 768px) {\t#bloc_small_header_1 {background-image: url(https:\/\/www.efibucarest.org\/wp-content\/uploads\/2024\/04\/202404_EFI-Bucarest_Header-1024x214.jpg);}}\n\t\t\t\t\t\t\t@media (min-width: 992px) { #bloc_small_header_1 {background-image: url(https:\/\/www.efibucarest.org\/wp-content\/uploads\/2024\/04\/202404_EFI-Bucarest_Header-1024x214.jpg);}}\n\t\t\t\t\t\t\t@media (min-width: 1200px) { #bloc_small_header_1 {background-image: url(https:\/\/www.efibucarest.org\/wp-content\/uploads\/2024\/04\/202404_EFI-Bucarest_Header-1536x322.jpg);}}\n\t\t\t\t\t\t<\/style>\n<div class=\"container d-flex flex-column justify-content-center align-items-start\">\n<h1><span>EFI Bucharest signs a partnership agreement with the Lyc\u00e9e Fran\u00e7ais Anna de Noailles<\/span><\/h1>\n<\/p><\/div>\n<\/p><\/div>\n<div class=\"bloctext bloctext--nocolor bloctext--haspattern\" id=\"bloc_6_2\">\n<div class=\"container\">\n<div class=\"row\">\n<div class=\"col-12 col-lg-4 col-xl-3 mb-1\">\n<h2><span>A strong educational agreement<\/span><\/h2>\n<\/p><\/div>\n<div class=\"col-12 col-lg-8 col-xl-9\">\n<div class=\"text pl-lg-4\">\n<p><strong>Bucharest, 18 April 2024 &#8211;<\/strong> Luc Chatel, Chairman of the Odyssey Education group, has signed an <strong>agreement with the Lyc\u00e9e Fran\u00e7ais Anna de Noailles on behalf of EFI Bucharest<\/strong>, strengthening cooperation between the two establishments and guaranteeing continuity in the French<strong> secondary education system<\/strong> for our CM2 pupils who so wish.<\/p>\n<\/p><\/div>\n<\/p><\/div>\n<\/p><\/div>\n<\/p><\/div>\n<\/div>\n<div class=\"blocmedia blocmedia--textright blocmedia--nocolor\" id=\"bloc_2_3\">\n<div class=\"container\">\n<div class=\"row\">\n<div class=\"col-12 col-md-6\">\n<div class=\"slider\">\n<div id=\"slider-bloc_2_3\" class=\"flexslider flexslider--blocmedia loading\">\n<ul class=\"slides list-unstyled\">\n<li class=\"slider-li\">\n\t\t\t\t\t\t\t\t\t\t     \t<a data-fancybox=\"rel-slider-bloc_2_3\" data-caption=\"\" href=\"https:\/\/www.efibucarest.org\/wp-content\/uploads\/2024\/04\/202404_EFI-Bucarest-722x564.jpg\"><br \/>\n\t\t\t\t\t\t\t\t\t\t\t\t\t<img decoding=\"async\" class=\"img-fluid\" src=\"https:\/\/www.efibucarest.org\/wp-content\/uploads\/2024\/04\/202404_EFI-Bucarest-722x564.jpg\" width=\"\" height=\"\" alt=\"\"><br \/>\n\t\t\t\t\t\t\t\t\t\t\t\t<\/a>\n\t\t\t\t\t\t\t\t\t\t     <\/li>\n<li class=\"slider-li\">\n\t\t\t\t\t\t\t\t\t\t     \t<a data-fancybox=\"rel-slider-bloc_2_3\" data-caption=\"\" href=\"https:\/\/www.efibucarest.org\/wp-content\/uploads\/2024\/04\/202404_EFI-Bucarest-19-722x564.jpg\"><br \/>\n\t\t\t\t\t\t\t\t\t\t\t\t\t<img decoding=\"async\" class=\"img-fluid\" src=\"https:\/\/www.efibucarest.org\/wp-content\/uploads\/2024\/04\/202404_EFI-Bucarest-19-722x564.jpg\" width=\"\" height=\"\" alt=\"\"><br \/>\n\t\t\t\t\t\t\t\t\t\t\t\t<\/a>\n\t\t\t\t\t\t\t\t\t\t     <\/li>\n<li class=\"slider-li\">\n\t\t\t\t\t\t\t\t\t\t     \t<a data-fancybox=\"rel-slider-bloc_2_3\" data-caption=\"\" href=\"https:\/\/www.efibucarest.org\/wp-content\/uploads\/2024\/04\/202404_EFI-Bucarest-16-722x564.jpg\"><br \/>\n\t\t\t\t\t\t\t\t\t\t\t\t\t<img decoding=\"async\" class=\"img-fluid\" src=\"https:\/\/www.efibucarest.org\/wp-content\/uploads\/2024\/04\/202404_EFI-Bucarest-16-722x564.jpg\" width=\"\" height=\"\" alt=\"\"><br \/>\n\t\t\t\t\t\t\t\t\t\t\t\t<\/a>\n\t\t\t\t\t\t\t\t\t\t     <\/li>\n<\/ul><\/div>\n<\/p><\/div>\n<\/p><\/div>\n<div class=\"col-12 col-md-5 d-flex flex-column justify-content-center align-items-start mb-2 mb-md-0\">\n<div class=\"text\">\n<h2><span>Strengthening relationships for quality educational continuity<\/span><\/h2>\n<p>Signed with Adela Gu\u00e9don, President of the Fondation Lyc\u00e9e Fran\u00e7ais Anna de Noailles, and in the presence of Nicolas Warnery, French Ambassador to Romania, this agreement enshrines the spirit of educational cooperation between our two establishments and the dynamism of French education in Bucharest, with the support of the French Embassy in Romania.<\/p>\n<p>\t\t\t\t\t\t<!-- Changer la classe de couleur du bouton en fonction de la couleur g\u00e9n\u00e9rale du bloc --><\/p>\n<div class=\"bloc_cta\" ><\/div>\n<\/p><\/div>\n<\/p><\/div>\n<\/p><\/div>\n<\/p><\/div>\n<\/div>\n<div class=\"blocmedia blocmedia--textleft blocmedia--nocolor\" id=\"bloc_2_4\">\n<div class=\"container\">\n<div class=\"row\">\n<div class=\"col-12 col-md-6\">\n<div class=\"slider\">\n<div id=\"slider-bloc_2_4\" class=\"flexslider flexslider--blocmedia loading\">\n<ul class=\"slides list-unstyled\">\n<li class=\"slider-li\">\n\t\t\t\t\t\t\t\t\t\t     \t<a data-fancybox=\"rel-slider-bloc_2_4\" data-caption=\"\" href=\"https:\/\/www.efibucarest.org\/wp-content\/uploads\/2024\/04\/202404_EFI-Bucarest-10-722x564.jpg\"><br \/>\n\t\t\t\t\t\t\t\t\t\t\t\t\t<img decoding=\"async\" class=\"img-fluid\" src=\"https:\/\/www.efibucarest.org\/wp-content\/uploads\/2024\/04\/202404_EFI-Bucarest-10-722x564.jpg\" width=\"\" height=\"\" alt=\"\"><br \/>\n\t\t\t\t\t\t\t\t\t\t\t\t<\/a>\n\t\t\t\t\t\t\t\t\t\t     <\/li>\n<li class=\"slider-li\">\n\t\t\t\t\t\t\t\t\t\t     \t<a data-fancybox=\"rel-slider-bloc_2_4\" data-caption=\"\" href=\"https:\/\/www.efibucarest.org\/wp-content\/uploads\/2024\/04\/202404_EFI-Bucarest-8-722x564.jpg\"><br \/>\n\t\t\t\t\t\t\t\t\t\t\t\t\t<img decoding=\"async\" class=\"img-fluid\" src=\"https:\/\/www.efibucarest.org\/wp-content\/uploads\/2024\/04\/202404_EFI-Bucarest-8-722x564.jpg\" width=\"\" height=\"\" alt=\"\"><br \/>\n\t\t\t\t\t\t\t\t\t\t\t\t<\/a>\n\t\t\t\t\t\t\t\t\t\t     <\/li>\n<li class=\"slider-li\">\n\t\t\t\t\t\t\t\t\t\t     \t<a data-fancybox=\"rel-slider-bloc_2_4\" data-caption=\"\" href=\"https:\/\/www.efibucarest.org\/wp-content\/uploads\/2024\/04\/202404_EFI-Bucarest-11-722x564.jpg\"><br \/>\n\t\t\t\t\t\t\t\t\t\t\t\t\t<img decoding=\"async\" class=\"img-fluid\" src=\"https:\/\/www.efibucarest.org\/wp-content\/uploads\/2024\/04\/202404_EFI-Bucarest-11-722x564.jpg\" width=\"\" height=\"\" alt=\"\"><br \/>\n\t\t\t\t\t\t\t\t\t\t\t\t<\/a>\n\t\t\t\t\t\t\t\t\t\t     <\/li>\n<\/ul><\/div>\n<\/p><\/div>\n<\/p><\/div>\n<div class=\"col-12 col-md-5 d-flex flex-column justify-content-center align-items-start mb-2 mb-md-0\">\n<div class=\"text\">\n<h2><span>A commitment to educational excellence<\/span><\/h2>\n<p>Founded by Odyssey Education in 2019 and accredited by the French Ministry of Education, EFI Bucharest is an international school located on an exceptional campus in the centre of Bucharest. It has rapidly established itself as a school of excellence thanks to its rigorous educational programme, which is resolutely open to the world. From nursery school onwards, students are taught in three languages (French, English and Romanian) by specially trained French and international teachers.<\/p>\n<p>\t\t\t\t\t\t<!-- Changer la classe de couleur du bouton en fonction de la couleur g\u00e9n\u00e9rale du bloc --><\/p>\n<div class=\"bloc_cta\" >\n<p><a class=\"btn btn--nocolor\" href=\"https:\/\/www.efibucarest.org\/admissions\/\" target=\"_blank\" rel=\"noopener\">Sinscrire \u00e0 l&#8217;EFI Bucarest<\/a>\t\t\t\t\t<\/div>\n<\/p><\/div>\n<\/p><\/div>\n<\/p><\/div>\n<\/p><\/div>\n<\/div>\n<div class=\"bloctext bloctext--nocolor bloctext--haspattern\" id=\"bloc_6_5\">\n<div class=\"container\">\n<div class=\"row\">\n<div class=\"col-12 col-lg-4 col-xl-3 mb-1\">\n<h2><span>A smooth transition to French secondary education<\/span><\/h2>\n<\/p><\/div>\n<div class=\"col-12 col-lg-8 col-xl-9\">\n<div class=\"text pl-lg-4\">\n<p>The agreement will enable every CM2 pupil at EFI Bucharest admitted to the 6\u00e8me class and wishing to continue their secondary education in the French school system to <strong>join the Lyc\u00e9e fran\u00e7ais Anna de Noailles<\/strong>. This principle of integration is based on close academic coordination between the two school heads and the teaching teams. In addition, thanks to the trilingual education from which they have benefited, our EFI Bucharest students who arrived in the early grades will have a greater chance of joining the American International Section offered (limited places available) by the Lyc\u00e9e Fran\u00e7ais Anna de Noailles from coll\u00e8ge and then at lyc\u00e9e with the <strong>preparation for the International French Baccalaureate<\/strong>.<\/p>\n<\/p><\/div>\n<\/p><\/div>\n<\/p><\/div>\n<\/p><\/div>\n<\/div>\n<div class=\"blocsphotos blocsphotos--nocolor\" id=\"bloc_14_6\">\n<div class=\"container\">\n<div class=\"row\">\n<div class=\"col-6 col-md-3 mb-1 mb-md-0\">\n<div class=\"blocphoto\">\n\t\t\t\t\t<img decoding=\"async\" class=\"img-fluid img-rounded\" src=\"https:\/\/www.efibucarest.org\/wp-content\/uploads\/2024\/04\/202404_EFI-Bucarest-3-270x310.jpg\" width=\"\" height=\"\" alt=\"\">\n\t\t\t\t<\/div>\n<\/p><\/div>\n<div class=\"col-6 col-md-3 mb-1 mb-md-0\">\n<div class=\"blocphoto\">\n\t\t\t\t\t<img decoding=\"async\" class=\"img-fluid img-rounded\" src=\"https:\/\/www.efibucarest.org\/wp-content\/uploads\/2024\/04\/202404_EFI-Bucarest-15-270x310.jpg\" width=\"\" height=\"\" alt=\"\">\n\t\t\t\t<\/div>\n<\/p><\/div>\n<div class=\"col-6 col-md-3 mb-1 mb-md-0\">\n<div class=\"blocphoto\">\n\t\t\t\t\t<img decoding=\"async\" class=\"img-fluid img-rounded\" src=\"https:\/\/www.efibucarest.org\/wp-content\/uploads\/2024\/04\/202404_EFI-Bucarest-12-1-270x310.jpg\" width=\"\" height=\"\" alt=\"\">\n\t\t\t\t<\/div>\n<\/p><\/div>\n<div class=\"col-6 col-md-3 mb-1 mb-md-0\">\n<div class=\"blocphoto\">\n\t\t\t\t\t<img decoding=\"async\" class=\"img-fluid img-rounded\" src=\"https:\/\/www.efibucarest.org\/wp-content\/uploads\/2024\/04\/202404_EFI-Bucarest-6-270x310.jpg\" width=\"\" height=\"\" alt=\"\">\n\t\t\t\t<\/div>\n<\/p><\/div>\n<\/p><\/div>\n<\/p><\/div>\n<\/div>\n<div class=\"citation citation--color1\" id=\"bloc_12_7\">\n<div class=\"container\">\n<div class=\"row justify-content-center\">\n<div class=\"col-12 col-lg-10\">\n<blockquote><p>\u2018I would like to pay tribute to the partnership spirit of this agreement and the active support of the French Embassy in Romania. It is a recognition of the academic work carried out at EFI Bucharest and, above all, a guarantee of serene continuity for our families, who are attached to both our educational project and the possibility for their child to continue their education up to the French baccalaureate\u2019<\/p><\/blockquote>\n<p>\t\t\t\t<cite class=\"author\"><br \/>\n\t\t\t\t\t<img decoding=\"async\" src=\"https:\/\/www.efibucarest.org\/wp-content\/uploads\/2024\/04\/Luc-Chatel-2-284x284.jpg\" width=\"58\" height=\"58\" alt=\"\"><\/p>\n<div>\n\t\t\t\t\t\t<strong>Luc CHATEL<\/strong><br \/>\n\t\t\t\t\t\t<span>Chairman of the Odyssey Education Group<\/span>\n\t\t\t\t\t<\/div>\n<p>\t\t\t\t<\/cite>\n\t\t\t<\/div>\n<\/p><\/div>\n<\/p><\/div>\n<\/div>\n","protected":false},"excerpt":{"rendered":"<p>EFI Bucharest signs a partnership agreement with the Lyc\u00e9e Fran\u00e7ais Anna de Noailles A strong educational agreement Bucharest, 18 April [&hellip;]<\/p>\n","protected":false},"author":19,"featured_media":0,"comment_status":"closed","ping_status":"open","sticky":false,"template":"","format":"standard","meta":{"_acf_changed":false,"kdcopypost-origin-url":"","kdcopypost-origin-id":"","footnotes":""},"categories":[96],"tags":[],"class_list":["post-12558","post","type-post","status-publish","format-standard","hentry","category-news"],"acf":{"sous_titre":"","photo":12547},"yoast_head":"<!-- This site is optimized with the Yoast SEO plugin v26.9 - https:\/\/yoast.com\/product\/yoast-seo-wordpress\/ -->\n<title>EFI Bucharest signs a partnership agreement with the Lyc\u00e9e Fran\u00e7ais Anna de Noailles - EFI Bucarest<\/title>\n<meta name=\"description\" content=\"Luc Chatel, Chairman of Odyssey Education , has signed an agreement with the Lyc\u00e9e Fran\u00e7ais Anna de Noailles on behalf of EFI Bucharest\" \/>\n<meta name=\"robots\" content=\"index, follow, max-snippet:-1, max-image-preview:large, max-video-preview:-1\" \/>\n<link rel=\"canonical\" href=\"https:\/\/www.efibucarest.org\/en\/2024\/04\/24\/lefi-bucarest-conclut-un-partenariat-avec-le-lycee-francais-anna-de-noailles\/\" \/>\n<meta property=\"og:locale\" content=\"en_US\" \/>\n<meta property=\"og:type\" content=\"article\" \/>\n<meta property=\"og:title\" content=\"EFI Bucharest signs a partnership agreement with the Lyc\u00e9e Fran\u00e7ais Anna de Noailles - EFI Bucarest\" \/>\n<meta property=\"og:description\" content=\"Luc Chatel, Chairman of Odyssey Education , has signed an agreement with the Lyc\u00e9e Fran\u00e7ais Anna de Noailles on behalf of EFI Bucharest\" \/>\n<meta property=\"og:url\" content=\"https:\/\/www.efibucarest.org\/en\/2024\/04\/24\/lefi-bucarest-conclut-un-partenariat-avec-le-lycee-francais-anna-de-noailles\/\" \/>\n<meta property=\"og:site_name\" content=\"EFI Bucarest\" \/>\n<meta property=\"article:published_time\" content=\"2024-04-24T09:14:45+00:00\" \/>\n<meta property=\"article:modified_time\" content=\"2024-04-24T09:25:44+00:00\" \/>\n<meta property=\"og:image\" content=\"https:\/\/www.efibucarest.org\/wp-content\/uploads\/2024\/04\/202404_EFI-Bucarest-722x564.jpg\" \/>\n<meta name=\"author\" content=\"Lisa Lim\" \/>\n<meta name=\"twitter:card\" content=\"summary_large_image\" \/>\n<meta name=\"twitter:label1\" content=\"Written by\" \/>\n\t<meta name=\"twitter:data1\" content=\"Lisa Lim\" \/>\n\t<meta name=\"twitter:label2\" content=\"Est. reading time\" \/>\n\t<meta name=\"twitter:data2\" content=\"9 minutes\" \/>\n<script type=\"application\/ld+json\" class=\"yoast-schema-graph\">{\"@context\":\"https:\/\/schema.org\",\"@graph\":[{\"@type\":\"Article\",\"@id\":\"https:\/\/www.efibucarest.org\/en\/2024\/04\/24\/lefi-bucarest-conclut-un-partenariat-avec-le-lycee-francais-anna-de-noailles\/#article\",\"isPartOf\":{\"@id\":\"https:\/\/www.efibucarest.org\/en\/2024\/04\/24\/lefi-bucarest-conclut-un-partenariat-avec-le-lycee-francais-anna-de-noailles\/\"},\"author\":{\"name\":\"Lisa Lim\",\"@id\":\"https:\/\/www.efibucarest.org\/en\/#\/schema\/person\/aae302beaa6c2df622de38a74c0fabbb\"},\"headline\":\"EFI Bucharest signs a partnership agreement with the Lyc\u00e9e Fran\u00e7ais Anna de Noailles\",\"datePublished\":\"2024-04-24T09:14:45+00:00\",\"dateModified\":\"2024-04-24T09:25:44+00:00\",\"mainEntityOfPage\":{\"@id\":\"https:\/\/www.efibucarest.org\/en\/2024\/04\/24\/lefi-bucarest-conclut-un-partenariat-avec-le-lycee-francais-anna-de-noailles\/\"},\"wordCount\":431,\"image\":{\"@id\":\"https:\/\/www.efibucarest.org\/en\/2024\/04\/24\/lefi-bucarest-conclut-un-partenariat-avec-le-lycee-francais-anna-de-noailles\/#primaryimage\"},\"thumbnailUrl\":\"https:\/\/www.efibucarest.org\/wp-content\/uploads\/2024\/04\/202404_EFI-Bucarest-722x564.jpg\",\"articleSection\":[\"News\"],\"inLanguage\":\"en-US\"},{\"@type\":\"WebPage\",\"@id\":\"https:\/\/www.efibucarest.org\/en\/2024\/04\/24\/lefi-bucarest-conclut-un-partenariat-avec-le-lycee-francais-anna-de-noailles\/\",\"url\":\"https:\/\/www.efibucarest.org\/en\/2024\/04\/24\/lefi-bucarest-conclut-un-partenariat-avec-le-lycee-francais-anna-de-noailles\/\",\"name\":\"EFI Bucharest signs a partnership agreement with the Lyc\u00e9e Fran\u00e7ais Anna de Noailles - EFI Bucarest\",\"isPartOf\":{\"@id\":\"https:\/\/www.efibucarest.org\/en\/#website\"},\"primaryImageOfPage\":{\"@id\":\"https:\/\/www.efibucarest.org\/en\/2024\/04\/24\/lefi-bucarest-conclut-un-partenariat-avec-le-lycee-francais-anna-de-noailles\/#primaryimage\"},\"image\":{\"@id\":\"https:\/\/www.efibucarest.org\/en\/2024\/04\/24\/lefi-bucarest-conclut-un-partenariat-avec-le-lycee-francais-anna-de-noailles\/#primaryimage\"},\"thumbnailUrl\":\"https:\/\/www.efibucarest.org\/wp-content\/uploads\/2024\/04\/202404_EFI-Bucarest-722x564.jpg\",\"datePublished\":\"2024-04-24T09:14:45+00:00\",\"dateModified\":\"2024-04-24T09:25:44+00:00\",\"author\":{\"@id\":\"https:\/\/www.efibucarest.org\/en\/#\/schema\/person\/aae302beaa6c2df622de38a74c0fabbb\"},\"description\":\"Luc Chatel, Chairman of Odyssey Education , has signed an agreement with the Lyc\u00e9e Fran\u00e7ais Anna de Noailles on behalf of EFI Bucharest\",\"breadcrumb\":{\"@id\":\"https:\/\/www.efibucarest.org\/en\/2024\/04\/24\/lefi-bucarest-conclut-un-partenariat-avec-le-lycee-francais-anna-de-noailles\/#breadcrumb\"},\"inLanguage\":\"en-US\",\"potentialAction\":[{\"@type\":\"ReadAction\",\"target\":[\"https:\/\/www.efibucarest.org\/en\/2024\/04\/24\/lefi-bucarest-conclut-un-partenariat-avec-le-lycee-francais-anna-de-noailles\/\"]}]},{\"@type\":\"ImageObject\",\"inLanguage\":\"en-US\",\"@id\":\"https:\/\/www.efibucarest.org\/en\/2024\/04\/24\/lefi-bucarest-conclut-un-partenariat-avec-le-lycee-francais-anna-de-noailles\/#primaryimage\",\"url\":\"https:\/\/www.efibucarest.org\/wp-content\/uploads\/2024\/04\/202404_EFI-Bucarest-722x564.jpg\",\"contentUrl\":\"https:\/\/www.efibucarest.org\/wp-content\/uploads\/2024\/04\/202404_EFI-Bucarest-722x564.jpg\"},{\"@type\":\"BreadcrumbList\",\"@id\":\"https:\/\/www.efibucarest.org\/en\/2024\/04\/24\/lefi-bucarest-conclut-un-partenariat-avec-le-lycee-francais-anna-de-noailles\/#breadcrumb\",\"itemListElement\":[{\"@type\":\"ListItem\",\"position\":1,\"name\":\"Accueil\",\"item\":\"https:\/\/www.efibucarest.org\/en\/\"},{\"@type\":\"ListItem\",\"position\":2,\"name\":\"EFI Bucharest signs a partnership agreement with the Lyc\u00e9e Fran\u00e7ais Anna de Noailles\"}]},{\"@type\":\"WebSite\",\"@id\":\"https:\/\/www.efibucarest.org\/en\/#website\",\"url\":\"https:\/\/www.efibucarest.org\/en\/\",\"name\":\"EFI Bucarest\",\"description\":\"EFI Bucarest\",\"potentialAction\":[{\"@type\":\"SearchAction\",\"target\":{\"@type\":\"EntryPoint\",\"urlTemplate\":\"https:\/\/www.efibucarest.org\/en\/?s={search_term_string}\"},\"query-input\":{\"@type\":\"PropertyValueSpecification\",\"valueRequired\":true,\"valueName\":\"search_term_string\"}}],\"inLanguage\":\"en-US\"},{\"@type\":\"Person\",\"@id\":\"https:\/\/www.efibucarest.org\/en\/#\/schema\/person\/aae302beaa6c2df622de38a74c0fabbb\",\"name\":\"Lisa Lim\",\"image\":{\"@type\":\"ImageObject\",\"inLanguage\":\"en-US\",\"@id\":\"https:\/\/www.efibucarest.org\/en\/#\/schema\/person\/image\/\",\"url\":\"https:\/\/secure.gravatar.com\/avatar\/5008d081ede4a55be74bbe2b6c81c1101f4d340bf96176461f43b62b9a82fc9b?s=96&d=mm&r=g\",\"contentUrl\":\"https:\/\/secure.gravatar.com\/avatar\/5008d081ede4a55be74bbe2b6c81c1101f4d340bf96176461f43b62b9a82fc9b?s=96&d=mm&r=g\",\"caption\":\"Lisa Lim\"},\"url\":\"https:\/\/www.efibucarest.org\/en\/author\/lisa-limodyssey-edu-com\/\"}]}<\/script>\n<!-- \/ Yoast SEO plugin. -->","yoast_head_json":{"title":"EFI Bucharest signs a partnership agreement with the Lyc\u00e9e Fran\u00e7ais Anna de Noailles - EFI Bucarest","description":"Luc Chatel, Chairman of Odyssey Education , has signed an agreement with the Lyc\u00e9e Fran\u00e7ais Anna de Noailles on behalf of EFI Bucharest","robots":{"index":"index","follow":"follow","max-snippet":"max-snippet:-1","max-image-preview":"max-image-preview:large","max-video-preview":"max-video-preview:-1"},"canonical":"https:\/\/www.efibucarest.org\/en\/2024\/04\/24\/lefi-bucarest-conclut-un-partenariat-avec-le-lycee-francais-anna-de-noailles\/","og_locale":"en_US","og_type":"article","og_title":"EFI Bucharest signs a partnership agreement with the Lyc\u00e9e Fran\u00e7ais Anna de Noailles - EFI Bucarest","og_description":"Luc Chatel, Chairman of Odyssey Education , has signed an agreement with the Lyc\u00e9e Fran\u00e7ais Anna de Noailles on behalf of EFI Bucharest","og_url":"https:\/\/www.efibucarest.org\/en\/2024\/04\/24\/lefi-bucarest-conclut-un-partenariat-avec-le-lycee-francais-anna-de-noailles\/","og_site_name":"EFI Bucarest","article_published_time":"2024-04-24T09:14:45+00:00","article_modified_time":"2024-04-24T09:25:44+00:00","og_image":[{"url":"https:\/\/www.efibucarest.org\/wp-content\/uploads\/2024\/04\/202404_EFI-Bucarest-722x564.jpg","type":"","width":"","height":""}],"author":"Lisa Lim","twitter_card":"summary_large_image","twitter_misc":{"Written by":"Lisa Lim","Est. reading time":"9 minutes"},"schema":{"@context":"https:\/\/schema.org","@graph":[{"@type":"Article","@id":"https:\/\/www.efibucarest.org\/en\/2024\/04\/24\/lefi-bucarest-conclut-un-partenariat-avec-le-lycee-francais-anna-de-noailles\/#article","isPartOf":{"@id":"https:\/\/www.efibucarest.org\/en\/2024\/04\/24\/lefi-bucarest-conclut-un-partenariat-avec-le-lycee-francais-anna-de-noailles\/"},"author":{"name":"Lisa Lim","@id":"https:\/\/www.efibucarest.org\/en\/#\/schema\/person\/aae302beaa6c2df622de38a74c0fabbb"},"headline":"EFI Bucharest signs a partnership agreement with the Lyc\u00e9e Fran\u00e7ais Anna de Noailles","datePublished":"2024-04-24T09:14:45+00:00","dateModified":"2024-04-24T09:25:44+00:00","mainEntityOfPage":{"@id":"https:\/\/www.efibucarest.org\/en\/2024\/04\/24\/lefi-bucarest-conclut-un-partenariat-avec-le-lycee-francais-anna-de-noailles\/"},"wordCount":431,"image":{"@id":"https:\/\/www.efibucarest.org\/en\/2024\/04\/24\/lefi-bucarest-conclut-un-partenariat-avec-le-lycee-francais-anna-de-noailles\/#primaryimage"},"thumbnailUrl":"https:\/\/www.efibucarest.org\/wp-content\/uploads\/2024\/04\/202404_EFI-Bucarest-722x564.jpg","articleSection":["News"],"inLanguage":"en-US"},{"@type":"WebPage","@id":"https:\/\/www.efibucarest.org\/en\/2024\/04\/24\/lefi-bucarest-conclut-un-partenariat-avec-le-lycee-francais-anna-de-noailles\/","url":"https:\/\/www.efibucarest.org\/en\/2024\/04\/24\/lefi-bucarest-conclut-un-partenariat-avec-le-lycee-francais-anna-de-noailles\/","name":"EFI Bucharest signs a partnership agreement with the Lyc\u00e9e Fran\u00e7ais Anna de Noailles - EFI Bucarest","isPartOf":{"@id":"https:\/\/www.efibucarest.org\/en\/#website"},"primaryImageOfPage":{"@id":"https:\/\/www.efibucarest.org\/en\/2024\/04\/24\/lefi-bucarest-conclut-un-partenariat-avec-le-lycee-francais-anna-de-noailles\/#primaryimage"},"image":{"@id":"https:\/\/www.efibucarest.org\/en\/2024\/04\/24\/lefi-bucarest-conclut-un-partenariat-avec-le-lycee-francais-anna-de-noailles\/#primaryimage"},"thumbnailUrl":"https:\/\/www.efibucarest.org\/wp-content\/uploads\/2024\/04\/202404_EFI-Bucarest-722x564.jpg","datePublished":"2024-04-24T09:14:45+00:00","dateModified":"2024-04-24T09:25:44+00:00","author":{"@id":"https:\/\/www.efibucarest.org\/en\/#\/schema\/person\/aae302beaa6c2df622de38a74c0fabbb"},"description":"Luc Chatel, Chairman of Odyssey Education , has signed an agreement with the Lyc\u00e9e Fran\u00e7ais Anna de Noailles on behalf of EFI Bucharest","breadcrumb":{"@id":"https:\/\/www.efibucarest.org\/en\/2024\/04\/24\/lefi-bucarest-conclut-un-partenariat-avec-le-lycee-francais-anna-de-noailles\/#breadcrumb"},"inLanguage":"en-US","potentialAction":[{"@type":"ReadAction","target":["https:\/\/www.efibucarest.org\/en\/2024\/04\/24\/lefi-bucarest-conclut-un-partenariat-avec-le-lycee-francais-anna-de-noailles\/"]}]},{"@type":"ImageObject","inLanguage":"en-US","@id":"https:\/\/www.efibucarest.org\/en\/2024\/04\/24\/lefi-bucarest-conclut-un-partenariat-avec-le-lycee-francais-anna-de-noailles\/#primaryimage","url":"https:\/\/www.efibucarest.org\/wp-content\/uploads\/2024\/04\/202404_EFI-Bucarest-722x564.jpg","contentUrl":"https:\/\/www.efibucarest.org\/wp-content\/uploads\/2024\/04\/202404_EFI-Bucarest-722x564.jpg"},{"@type":"BreadcrumbList","@id":"https:\/\/www.efibucarest.org\/en\/2024\/04\/24\/lefi-bucarest-conclut-un-partenariat-avec-le-lycee-francais-anna-de-noailles\/#breadcrumb","itemListElement":[{"@type":"ListItem","position":1,"name":"Accueil","item":"https:\/\/www.efibucarest.org\/en\/"},{"@type":"ListItem","position":2,"name":"EFI Bucharest signs a partnership agreement with the Lyc\u00e9e Fran\u00e7ais Anna de Noailles"}]},{"@type":"WebSite","@id":"https:\/\/www.efibucarest.org\/en\/#website","url":"https:\/\/www.efibucarest.org\/en\/","name":"EFI Bucarest","description":"EFI Bucarest","potentialAction":[{"@type":"SearchAction","target":{"@type":"EntryPoint","urlTemplate":"https:\/\/www.efibucarest.org\/en\/?s={search_term_string}"},"query-input":{"@type":"PropertyValueSpecification","valueRequired":true,"valueName":"search_term_string"}}],"inLanguage":"en-US"},{"@type":"Person","@id":"https:\/\/www.efibucarest.org\/en\/#\/schema\/person\/aae302beaa6c2df622de38a74c0fabbb","name":"Lisa Lim","image":{"@type":"ImageObject","inLanguage":"en-US","@id":"https:\/\/www.efibucarest.org\/en\/#\/schema\/person\/image\/","url":"https:\/\/secure.gravatar.com\/avatar\/5008d081ede4a55be74bbe2b6c81c1101f4d340bf96176461f43b62b9a82fc9b?s=96&d=mm&r=g","contentUrl":"https:\/\/secure.gravatar.com\/avatar\/5008d081ede4a55be74bbe2b6c81c1101f4d340bf96176461f43b62b9a82fc9b?s=96&d=mm&r=g","caption":"Lisa Lim"},"url":"https:\/\/www.efibucarest.org\/en\/author\/lisa-limodyssey-edu-com\/"}]}},"lang":"en","_links":{"self":[{"href":"https:\/\/www.efibucarest.org\/en\/wp-json\/wp\/v2\/posts\/12558","targetHints":{"allow":["GET"]}}],"collection":[{"href":"https:\/\/www.efibucarest.org\/en\/wp-json\/wp\/v2\/posts"}],"about":[{"href":"https:\/\/www.efibucarest.org\/en\/wp-json\/wp\/v2\/types\/post"}],"author":[{"embeddable":true,"href":"https:\/\/www.efibucarest.org\/en\/wp-json\/wp\/v2\/users\/19"}],"replies":[{"embeddable":true,"href":"https:\/\/www.efibucarest.org\/en\/wp-json\/wp\/v2\/comments?post=12558"}],"version-history":[{"count":7,"href":"https:\/\/www.efibucarest.org\/en\/wp-json\/wp\/v2\/posts\/12558\/revisions"}],"predecessor-version":[{"id":12566,"href":"https:\/\/www.efibucarest.org\/en\/wp-json\/wp\/v2\/posts\/12558\/revisions\/12566"}],"wp:attachment":[{"href":"https:\/\/www.efibucarest.org\/en\/wp-json\/wp\/v2\/media?parent=12558"}],"wp:term":[{"taxonomy":"category","embeddable":true,"href":"https:\/\/www.efibucarest.org\/en\/wp-json\/wp\/v2\/categories?post=12558"},{"taxonomy":"post_tag","embeddable":true,"href":"https:\/\/www.efibucarest.org\/en\/wp-json\/wp\/v2\/tags?post=12558"}],"curies":[{"name":"wp","href":"https:\/\/api.w.org\/{rel}","templated":true}]}}